{"id":12100,"date":"2023-04-27T16:12:42","date_gmt":"2023-04-27T14:12:42","guid":{"rendered":"https:\/\/www.schuleimerlich.de\/blog\/?p=12100"},"modified":"2023-12-21T10:38:02","modified_gmt":"2023-12-21T09:38:02","slug":"berufsorientierung-bei-der-firma-heberger","status":"publish","type":"post","link":"https:\/\/www.schuleimerlich.de\/?p=12100","title":{"rendered":"Berufsorientierung bei der Firma Heberger"},"content":{"rendered":"<p class=\"auto-style23\">Am 20.04.2023 besuchten unsere Sch\u00fcler die Firma Heberger in Schifferstadt. Nach einem herzlichen Empfang gab es zun\u00e4chst einige Informationen zu Ausbildungen im Baugewerbe. Anschlie\u00dfend konnten die Sch\u00fcler eigene Erfahrungen beim Mauern, Verfugen und Pflastern machen. Pers\u00f6nliches Highlight der Sch\u00fcler war das f\u00fchren eines Baggers. Nat\u00fcrlich durfte auch eine Pause nicht fehlen, zu der uns die Firma Heberger freundlicherweise einlud.<\/p>\n<p class=\"auto-style23\">\n<p class=\"auto-style23\">Wir bedanken uns bei der Firma Heberger f\u00fcr den freundlichen Empfang und den Einblick in die Ausbildungsbereiche.<\/p>\n<p>&nbsp;<\/p>\n<div id='gallery-1' class='gallery galleryid-12100 gallery-columns-3 gallery-size-thumbnail'><figure class='gallery-item'>\n\t\t\t<div class='gallery-icon portrait'>\n\t\t\t\t<a href='https:\/\/www.schuleimerlich.de\/?attachment_id=12101'><img decoding=\"async\" width=\"150\" height=\"150\" src=\"https:\/\/mlhkytgxk8k3.i.optimole.com\/w:150\/h:150\/q:mauto\/rt:fill\/g:ce\/f:best\/https:\/\/www.schuleimerlich.de\/wp-content\/uploads\/2023\/04\/20230420_094100.jpg\" class=\"attachment-thumbnail size-thumbnail\" alt=\"\" \/><\/a>\n\t\t\t<\/div><\/figure><figure class='gallery-item'>\n\t\t\t<div class='gallery-icon landscape'>\n\t\t\t\t<a href='https:\/\/www.schuleimerlich.de\/?attachment_id=12102'><img decoding=\"async\" width=\"150\" height=\"150\" src=\"https:\/\/mlhkytgxk8k3.i.optimole.com\/w:150\/h:150\/q:mauto\/rt:fill\/g:ce\/f:best\/https:\/\/www.schuleimerlich.de\/wp-content\/uploads\/2023\/04\/20230420_094203.jpg\" class=\"attachment-thumbnail size-thumbnail\" alt=\"\" \/><\/a>\n\t\t\t<\/div><\/figure><figure class='gallery-item'>\n\t\t\t<div class='gallery-icon portrait'>\n\t\t\t\t<a href='https:\/\/www.schuleimerlich.de\/?attachment_id=12103'><img decoding=\"async\" width=\"150\" height=\"150\" src=\"https:\/\/mlhkytgxk8k3.i.optimole.com\/w:150\/h:150\/q:mauto\/rt:fill\/g:ce\/f:best\/https:\/\/www.schuleimerlich.de\/wp-content\/uploads\/2023\/04\/20230420_094522.jpg\" class=\"attachment-thumbnail size-thumbnail\" alt=\"\" \/><\/a>\n\t\t\t<\/div><\/figure><figure class='gallery-item'>\n\t\t\t<div class='gallery-icon landscape'>\n\t\t\t\t<a href='https:\/\/www.schuleimerlich.de\/?attachment_id=12104'><img data-opt-src=\"https:\/\/mlhkytgxk8k3.i.optimole.com\/w:150\/h:150\/q:mauto\/rt:fill\/g:ce\/f:best\/https:\/\/www.schuleimerlich.de\/wp-content\/uploads\/2023\/04\/20230420_101242.jpg\"  decoding=\"async\" width=\"150\" height=\"150\" src=\"data:image/svg+xml,%3Csvg%20viewBox%3D%220%200%20150%20150%22%20width%3D%22150%22%20height%3D%22150%22%20xmlns%3D%22http%3A%2F%2Fwww.w3.org%2F2000%2Fsvg%22%3E%3Crect%20width%3D%22150%22%20height%3D%22150%22%20fill%3D%22transparent%22%2F%3E%3C%2Fsvg%3E\" class=\"attachment-thumbnail size-thumbnail\" alt=\"\" \/><\/a>\n\t\t\t<\/div><\/figure><figure class='gallery-item'>\n\t\t\t<div class='gallery-icon portrait'>\n\t\t\t\t<a href='https:\/\/www.schuleimerlich.de\/?attachment_id=12105'><img data-opt-src=\"https:\/\/mlhkytgxk8k3.i.optimole.com\/w:150\/h:150\/q:mauto\/rt:fill\/g:ce\/f:best\/https:\/\/www.schuleimerlich.de\/wp-content\/uploads\/2023\/04\/20230420_094127.jpg\"  decoding=\"async\" width=\"150\" height=\"150\" src=\"data:image/svg+xml,%3Csvg%20viewBox%3D%220%200%20150%20150%22%20width%3D%22150%22%20height%3D%22150%22%20xmlns%3D%22http%3A%2F%2Fwww.w3.org%2F2000%2Fsvg%22%3E%3Crect%20width%3D%22150%22%20height%3D%22150%22%20fill%3D%22transparent%22%2F%3E%3C%2Fsvg%3E\" class=\"attachment-thumbnail size-thumbnail\" alt=\"\" \/><\/a>\n\t\t\t<\/div><\/figure><figure class='gallery-item'>\n\t\t\t<div class='gallery-icon landscape'>\n\t\t\t\t<a href='https:\/\/www.schuleimerlich.de\/?attachment_id=12106'><img data-opt-src=\"https:\/\/mlhkytgxk8k3.i.optimole.com\/w:150\/h:150\/q:mauto\/rt:fill\/g:ce\/f:best\/https:\/\/www.schuleimerlich.de\/wp-content\/uploads\/2023\/04\/20230420_101134.jpg\"  decoding=\"async\" width=\"150\" height=\"150\" src=\"data:image/svg+xml,%3Csvg%20viewBox%3D%220%200%20150%20150%22%20width%3D%22150%22%20height%3D%22150%22%20xmlns%3D%22http%3A%2F%2Fwww.w3.org%2F2000%2Fsvg%22%3E%3Crect%20width%3D%22150%22%20height%3D%22150%22%20fill%3D%22transparent%22%2F%3E%3C%2Fsvg%3E\" class=\"attachment-thumbnail size-thumbnail\" alt=\"\" \/><\/a>\n\t\t\t<\/div><\/figure>\n\t\t<\/div>\n\n","protected":false},"excerpt":{"rendered":"<p>Am 20.04.2023 besuchten unsere Sch\u00fcler die Firma Heberger in Schifferstadt. Nach einem herzlichen Empfang gab es zun\u00e4chst einige Informationen zu Ausbildungen im Baugewerbe. Anschlie\u00dfend konnten die Sch\u00fcler eigene Erfahrungen beim Mauern, Verfugen und Pflastern machen. Pers\u00f6nliches Highlight der Sch\u00fcler war das f\u00fchren eines Baggers. Nat\u00fcrlich durfte auch eine Pause nicht fehlen, zu der uns die&#8230;<\/p>\n","protected":false},"author":7,"featured_media":12105,"comment_status":"closed","ping_status":"open","sticky":false,"template":"","format":"standard","meta":{"_jetpack_memberships_contains_paid_content":false,"footnotes":""},"categories":[40],"tags":[],"class_list":["post-12100","post","type-post","status-publish","format-standard","has-post-thumbnail","hentry","category-schuelerzeitung"],"jetpack_featured_media_url":"https:\/\/mlhkytgxk8k3.i.optimole.com\/w:auto\/h:auto\/q:mauto\/f:best\/https:\/\/www.schuleimerlich.de\/wp-content\/uploads\/2023\/04\/20230420_094127-scaled.jpg","jetpack_sharing_enabled":true,"_links":{"self":[{"href":"https:\/\/www.schuleimerlich.de\/index.php?rest_route=\/wp\/v2\/posts\/12100","targetHints":{"allow":["GET"]}}],"collection":[{"href":"https:\/\/www.schuleimerlich.de\/index.php?rest_route=\/wp\/v2\/posts"}],"about":[{"href":"https:\/\/www.schuleimerlich.de\/index.php?rest_route=\/wp\/v2\/types\/post"}],"author":[{"embeddable":true,"href":"https:\/\/www.schuleimerlich.de\/index.php?rest_route=\/wp\/v2\/users\/7"}],"replies":[{"embeddable":true,"href":"https:\/\/www.schuleimerlich.de\/index.php?rest_route=%2Fwp%2Fv2%2Fcomments&post=12100"}],"version-history":[{"count":1,"href":"https:\/\/www.schuleimerlich.de\/index.php?rest_route=\/wp\/v2\/posts\/12100\/revisions"}],"predecessor-version":[{"id":12107,"href":"https:\/\/www.schuleimerlich.de\/index.php?rest_route=\/wp\/v2\/posts\/12100\/revisions\/12107"}],"wp:featuredmedia":[{"embeddable":true,"href":"https:\/\/www.schuleimerlich.de\/index.php?rest_route=\/wp\/v2\/media\/12105"}],"wp:attachment":[{"href":"https:\/\/www.schuleimerlich.de\/index.php?rest_route=%2Fwp%2Fv2%2Fmedia&parent=12100"}],"wp:term":[{"taxonomy":"category","embeddable":true,"href":"https:\/\/www.schuleimerlich.de\/index.php?rest_route=%2Fwp%2Fv2%2Fcategories&post=12100"},{"taxonomy":"post_tag","embeddable":true,"href":"https:\/\/www.schuleimerlich.de\/index.php?rest_route=%2Fwp%2Fv2%2Ftags&post=12100"}],"curies":[{"name":"wp","href":"https:\/\/api.w.org\/{rel}","templated":true}]}}