{"id":12430,"date":"2023-12-07T08:50:16","date_gmt":"2023-12-07T07:50:16","guid":{"rendered":"https:\/\/www.schuleimerlich.de\/?p=12430"},"modified":"2023-12-13T12:23:13","modified_gmt":"2023-12-13T11:23:13","slug":"zauberhafte-adventsfeier-in-der-schule-im-erlich","status":"publish","type":"post","link":"https:\/\/www.schuleimerlich.de\/?p=12430","title":{"rendered":"Zauberhafte Adventsfeier in der Schule im Erlich"},"content":{"rendered":"<p dir=\"auto\">Fr\u00f6hlich und stimmungsvoll pr\u00e4sentierte sich die Schule im Erlich am ersten Advents-Wochenende. Die Schulgemeinschaft ludt f\u00fcr Samstag, den 2.12.2023 zur Adventsfeier ein und das Geb\u00e4ude wurde daf\u00fcr so richtig rausgeputzt: Der untere Flur erstrahlte im Glanz vieler Lichterketten, Tannenzweigen und selbst gebastelter weihnachtlicher Dekoration. Es duftete nach Punsch und Waffeln, viele Eltern hatten Kuchen gebacken und in der Schulk\u00fcche durften die Sch\u00fclerInnen und andere kleine BesucherInnen Pl\u00e4tzchen backen und verzieren.<\/p>\n<p dir=\"auto\">Seit Wochen bereiteten die Erlichsch\u00fclerInnen und LehrerInnen dieses Fest vor, es wurden kleine Geschenke hergestellt, Schokoladenleckerein, Schmuck, Kerzen, Tonwaren, Dekoration oder Gestecke gebastelt, die zum Verkauf angeboten wurden. Viele Eltern und auch etliche ehemalige Sch\u00fclerInnen folgten der Einladung und genossen die gel\u00f6ste Stimmung im Schulhaus. Gemeinsam wurden Weihnachtslieder gesungen und die Schulband pr\u00e4sentierte ihre neuen St\u00fccke. Drau\u00dfen auf dem Schulhof konnte man Stockbrot backen, an den vielen Bastelstationen in den Klassenzimmern durften die Kinder kleine h\u00fcbsche Geschenke herstellen. In einer winterlichen Foto-Box verkleideten sich die BesucherInnen und lie\u00dfen sich fotografieren.<\/p>\n<p>Es war ein zauberhaftes Fest mit vielen stimmungsvollen Eindr\u00fccken und einem tollen Miteinander der Erlichschul-Gemeinschaft!<\/p>\n<p><img decoding=\"async\" class=\"alignnone size-full wp-image-12434\" src=\"https:\/\/mlhkytgxk8k3.i.optimole.com\/w:auto\/h:auto\/q:mauto\/f:best\/https:\/\/www.schuleimerlich.de\/wp-content\/uploads\/2023\/12\/6d6e7438-36cb-4f7f-9307-95d4eb47f182.jpg\" alt=\"\" width=\"1536\" height=\"2048\" \/> <img decoding=\"async\" class=\"alignnone size-full wp-image-12435\" src=\"https:\/\/mlhkytgxk8k3.i.optimole.com\/w:auto\/h:auto\/q:mauto\/f:best\/https:\/\/www.schuleimerlich.de\/wp-content\/uploads\/2023\/12\/53b0a69d-e982-4b0b-8ada-8a98902b804d.jpg\" alt=\"\" width=\"1600\" height=\"1200\" \/> <img decoding=\"async\" class=\"alignnone size-full wp-image-12436\" src=\"https:\/\/mlhkytgxk8k3.i.optimole.com\/w:auto\/h:auto\/q:mauto\/f:best\/https:\/\/www.schuleimerlich.de\/wp-content\/uploads\/2023\/12\/94aa4161-2dfe-4b25-b1d1-4fe917c965cf.jpg\" alt=\"\" width=\"723\" height=\"1030\" \/> <img data-opt-src=\"https:\/\/mlhkytgxk8k3.i.optimole.com\/w:auto\/h:auto\/q:mauto\/f:best\/https:\/\/www.schuleimerlich.de\/wp-content\/uploads\/2023\/12\/929020cd-2fb6-40ef-8039-431eead5c4f8.jpg\"  decoding=\"async\" class=\"alignnone size-full wp-image-12437\" src=\"data:image/svg+xml,%3Csvg%20viewBox%3D%220%200%20100%%20100%%22%20width%3D%22100%%22%20height%3D%22100%%22%20xmlns%3D%22http%3A%2F%2Fwww.w3.org%2F2000%2Fsvg%22%3E%3Crect%20width%3D%22100%%22%20height%3D%22100%%22%20fill%3D%22transparent%22%2F%3E%3C%2Fsvg%3E\" alt=\"\" width=\"1600\" height=\"1200\" \/> <img data-opt-src=\"https:\/\/mlhkytgxk8k3.i.optimole.com\/w:auto\/h:auto\/q:mauto\/f:best\/https:\/\/www.schuleimerlich.de\/wp-content\/uploads\/2023\/12\/f407b980-ebd1-41f4-ae18-44bfd5398b92.jpg\"  decoding=\"async\" class=\"alignnone size-full wp-image-12438\" src=\"data:image/svg+xml,%3Csvg%20viewBox%3D%220%200%20100%%20100%%22%20width%3D%22100%%22%20height%3D%22100%%22%20xmlns%3D%22http%3A%2F%2Fwww.w3.org%2F2000%2Fsvg%22%3E%3Crect%20width%3D%22100%%22%20height%3D%22100%%22%20fill%3D%22transparent%22%2F%3E%3C%2Fsvg%3E\" alt=\"\" width=\"1536\" height=\"2048\" \/> <img data-opt-src=\"https:\/\/mlhkytgxk8k3.i.optimole.com\/w:auto\/h:auto\/q:mauto\/f:best\/https:\/\/www.schuleimerlich.de\/wp-content\/uploads\/2023\/12\/IMG_0887-scaled.jpg\"  decoding=\"async\" class=\"alignnone size-full wp-image-12439\" src=\"data:image/svg+xml,%3Csvg%20viewBox%3D%220%200%20100%%20100%%22%20width%3D%22100%%22%20height%3D%22100%%22%20xmlns%3D%22http%3A%2F%2Fwww.w3.org%2F2000%2Fsvg%22%3E%3Crect%20width%3D%22100%%22%20height%3D%22100%%22%20fill%3D%22transparent%22%2F%3E%3C%2Fsvg%3E\" alt=\"\" width=\"2560\" height=\"1920\" \/> <img data-opt-src=\"https:\/\/mlhkytgxk8k3.i.optimole.com\/w:auto\/h:auto\/q:mauto\/f:best\/https:\/\/www.schuleimerlich.de\/wp-content\/uploads\/2023\/12\/IMG_2687.heic\"  decoding=\"async\" class=\"alignnone size-full wp-image-12440\" src=\"data:image/svg+xml,%3Csvg%20viewBox%3D%220%200%20100%%20100%%22%20width%3D%22100%%22%20height%3D%22100%%22%20xmlns%3D%22http%3A%2F%2Fwww.w3.org%2F2000%2Fsvg%22%3E%3Crect%20width%3D%22100%%22%20height%3D%22100%%22%20fill%3D%22transparent%22%2F%3E%3C%2Fsvg%3E\" alt=\"\" \/> <img data-opt-src=\"https:\/\/mlhkytgxk8k3.i.optimole.com\/w:auto\/h:auto\/q:mauto\/f:best\/https:\/\/www.schuleimerlich.de\/wp-content\/uploads\/2023\/12\/IMG_2688.heic\"  decoding=\"async\" class=\"alignnone size-full wp-image-12441\" src=\"data:image/svg+xml,%3Csvg%20viewBox%3D%220%200%20100%%20100%%22%20width%3D%22100%%22%20height%3D%22100%%22%20xmlns%3D%22http%3A%2F%2Fwww.w3.org%2F2000%2Fsvg%22%3E%3Crect%20width%3D%22100%%22%20height%3D%22100%%22%20fill%3D%22transparent%22%2F%3E%3C%2Fsvg%3E\" alt=\"\" \/><\/p>\n","protected":false},"excerpt":{"rendered":"<p>Fr\u00f6hlich und stimmungsvoll pr\u00e4sentierte sich die Schule im Erlich am ersten Advents-Wochenende. Die Schulgemeinschaft ludt f\u00fcr Samstag, den 2.12.2023 zur Adventsfeier ein und das Geb\u00e4ude wurde daf\u00fcr so richtig rausgeputzt: Der untere Flur erstrahlte im Glanz vieler Lichterketten, Tannenzweigen und selbst gebastelter weihnachtlicher Dekoration. Es duftete nach Punsch und Waffeln, viele Eltern hatten Kuchen gebacken&#8230;<\/p>\n","protected":false},"author":7,"featured_media":12431,"comment_status":"closed","ping_status":"open","sticky":false,"template":"","format":"standard","meta":{"_jetpack_memberships_contains_paid_content":false,"footnotes":""},"categories":[1],"tags":[],"class_list":["post-12430","post","type-post","status-publish","format-standard","has-post-thumbnail","hentry","category-allgemein"],"jetpack_featured_media_url":"https:\/\/mlhkytgxk8k3.i.optimole.com\/w:auto\/h:auto\/q:mauto\/f:best\/https:\/\/www.schuleimerlich.de\/wp-content\/uploads\/2023\/12\/fca68483-bbe8-4e61-9cce-aceb0661e877.jpeg","jetpack_sharing_enabled":true,"_links":{"self":[{"href":"https:\/\/www.schuleimerlich.de\/index.php?rest_route=\/wp\/v2\/posts\/12430","targetHints":{"allow":["GET"]}}],"collection":[{"href":"https:\/\/www.schuleimerlich.de\/index.php?rest_route=\/wp\/v2\/posts"}],"about":[{"href":"https:\/\/www.schuleimerlich.de\/index.php?rest_route=\/wp\/v2\/types\/post"}],"author":[{"embeddable":true,"href":"https:\/\/www.schuleimerlich.de\/index.php?rest_route=\/wp\/v2\/users\/7"}],"replies":[{"embeddable":true,"href":"https:\/\/www.schuleimerlich.de\/index.php?rest_route=%2Fwp%2Fv2%2Fcomments&post=12430"}],"version-history":[{"count":3,"href":"https:\/\/www.schuleimerlich.de\/index.php?rest_route=\/wp\/v2\/posts\/12430\/revisions"}],"predecessor-version":[{"id":12457,"href":"https:\/\/www.schuleimerlich.de\/index.php?rest_route=\/wp\/v2\/posts\/12430\/revisions\/12457"}],"wp:featuredmedia":[{"embeddable":true,"href":"https:\/\/www.schuleimerlich.de\/index.php?rest_route=\/wp\/v2\/media\/12431"}],"wp:attachment":[{"href":"https:\/\/www.schuleimerlich.de\/index.php?rest_route=%2Fwp%2Fv2%2Fmedia&parent=12430"}],"wp:term":[{"taxonomy":"category","embeddable":true,"href":"https:\/\/www.schuleimerlich.de\/index.php?rest_route=%2Fwp%2Fv2%2Fcategories&post=12430"},{"taxonomy":"post_tag","embeddable":true,"href":"https:\/\/www.schuleimerlich.de\/index.php?rest_route=%2Fwp%2Fv2%2Ftags&post=12430"}],"curies":[{"name":"wp","href":"https:\/\/api.w.org\/{rel}","templated":true}]}}