{"id":12460,"date":"2024-01-13T15:03:42","date_gmt":"2024-01-13T14:03:42","guid":{"rendered":"https:\/\/www.schuleimerlich.de\/?p=12460"},"modified":"2024-01-15T12:38:47","modified_gmt":"2024-01-15T11:38:47","slug":"advents-verkauf-auf-markt","status":"publish","type":"post","link":"https:\/\/www.schuleimerlich.de\/?p=12460","title":{"rendered":"Advents-Verkauf auf Markt"},"content":{"rendered":"<p>Die Klassen 7 und 7\/8 verkauften am 15.12. auf dem Wochenmarkt am Berliner Platz ihre selbst gebastelten Weihnachtsgeschenke. Sie f\u00fchrten Verkaufsgespr\u00e4che, berieten Kunden bei der Auswahl und kassierten die Preise. Die Kasse f\u00fcllte sich dank vieler interessierter WochenmarktbesucherInnen und einiger Spenden schnell. Das eingenommene Geld wollen die Sch\u00fclerInnen f\u00fcr die Klassenfahrt 2024 nutzen.<br \/>Danke an alle Speyerer Besucher und die T\u00f6pfer-AG, die den Stand mit wundersch\u00f6nen kleinen Ton-Geschenken aufwertete!<\/p>\n\n\n<figure class=\"wp-block-gallery has-nested-images columns-default is-cropped wp-block-gallery-1 is-layout-flex wp-block-gallery-is-layout-flex\">\n<figure class=\"wp-block-image size-large\"><img decoding=\"async\" width=\"1024\" height=\"1024\" data-id=\"12475\" src=\"https:\/\/mlhkytgxk8k3.i.optimole.com\/w:1024\/h:1024\/q:mauto\/f:best\/https:\/\/www.schuleimerlich.de\/wp-content\/uploads\/2024\/01\/IMG_3040.jpg\" alt=\"\" class=\"wp-image-12475\"\/><\/figure>\n<\/figure>\n","protected":false},"excerpt":{"rendered":"<p>Die Klassen 7 und 7\/8 verkauften am 15.12. auf dem Wochenmarkt am Berliner Platz ihre selbst gebastelten Weihnachtsgeschenke. Sie f\u00fchrten Verkaufsgespr\u00e4che, berieten Kunden bei der Auswahl und kassierten die Preise. Die Kasse f\u00fcllte sich dank vieler interessierter WochenmarktbesucherInnen und einiger Spenden schnell. Das eingenommene Geld wollen die Sch\u00fclerInnen f\u00fcr die Klassenfahrt 2024 nutzen.Danke an alle&#8230;<\/p>\n","protected":false},"author":7,"featured_media":12475,"comment_status":"closed","ping_status":"open","sticky":false,"template":"","format":"standard","meta":{"_jetpack_memberships_contains_paid_content":false,"footnotes":""},"categories":[1],"tags":[],"class_list":["post-12460","post","type-post","status-publish","format-standard","has-post-thumbnail","hentry","category-allgemein"],"jetpack_featured_media_url":"https:\/\/mlhkytgxk8k3.i.optimole.com\/w:auto\/h:auto\/q:mauto\/f:best\/https:\/\/www.schuleimerlich.de\/wp-content\/uploads\/2024\/01\/IMG_3040.jpg","jetpack_sharing_enabled":true,"_links":{"self":[{"href":"https:\/\/www.schuleimerlich.de\/index.php?rest_route=\/wp\/v2\/posts\/12460","targetHints":{"allow":["GET"]}}],"collection":[{"href":"https:\/\/www.schuleimerlich.de\/index.php?rest_route=\/wp\/v2\/posts"}],"about":[{"href":"https:\/\/www.schuleimerlich.de\/index.php?rest_route=\/wp\/v2\/types\/post"}],"author":[{"embeddable":true,"href":"https:\/\/www.schuleimerlich.de\/index.php?rest_route=\/wp\/v2\/users\/7"}],"replies":[{"embeddable":true,"href":"https:\/\/www.schuleimerlich.de\/index.php?rest_route=%2Fwp%2Fv2%2Fcomments&post=12460"}],"version-history":[{"count":2,"href":"https:\/\/www.schuleimerlich.de\/index.php?rest_route=\/wp\/v2\/posts\/12460\/revisions"}],"predecessor-version":[{"id":12477,"href":"https:\/\/www.schuleimerlich.de\/index.php?rest_route=\/wp\/v2\/posts\/12460\/revisions\/12477"}],"wp:featuredmedia":[{"embeddable":true,"href":"https:\/\/www.schuleimerlich.de\/index.php?rest_route=\/wp\/v2\/media\/12475"}],"wp:attachment":[{"href":"https:\/\/www.schuleimerlich.de\/index.php?rest_route=%2Fwp%2Fv2%2Fmedia&parent=12460"}],"wp:term":[{"taxonomy":"category","embeddable":true,"href":"https:\/\/www.schuleimerlich.de\/index.php?rest_route=%2Fwp%2Fv2%2Fcategories&post=12460"},{"taxonomy":"post_tag","embeddable":true,"href":"https:\/\/www.schuleimerlich.de\/index.php?rest_route=%2Fwp%2Fv2%2Ftags&post=12460"}],"curies":[{"name":"wp","href":"https:\/\/api.w.org\/{rel}","templated":true}]}}