{"id":12618,"date":"2024-02-14T15:51:05","date_gmt":"2024-02-14T14:51:05","guid":{"rendered":"https:\/\/www.schuleimerlich.de\/?p=12618"},"modified":"2024-02-14T15:51:06","modified_gmt":"2024-02-14T14:51:06","slug":"fasching-2024","status":"publish","type":"post","link":"https:\/\/www.schuleimerlich.de\/?p=12618","title":{"rendered":"Fasching 2024"},"content":{"rendered":"\n<p>Was f\u00fcr eine fantastische Faschingsfeier liegt nun hinter uns!<\/p>\n\n\n\n<p>Am 09.02.24 versammelten sich alle Sch\u00fclerinnen und Sch\u00fcler und unser Kollegium in unserer farbenfroh geschm\u00fcckten Aula. \u00dcberall waren kreative Verkleidungen zu erkennen \u2013 die Vielfalt der Kost\u00fcme war schlichtweg beeindruckend. Von fabelhaften Superhelden, \u00fcber kreative Filmfiguren bis hin zu witzigen Tierkost\u00fcmen \u2013 alle haben sich k\u00fcnstlerisch ausgetobt. Ein Highlight der Party war selbstverst\u00e4ndlich die Verkleidung unseres Schulleiters Herr Schall \u2013 er war mit seinen roten Haaren und dem hautengen Kleid kaum zu \u00fcbersehen \ud83d\ude42<\/p>\n\n\n\n<p>Bei den super vorbereiteten Spielen auf der B\u00fchne hatten alle Kinder und unser Kollegium einen riesen Spa\u00df. Das Schaumkusswettessen und der Konfettitanz brachten das Publikum zum Jubeln. Eine riesige Schulpolonaise und die schwierigen Partnerspiele rundeten eine gelungene Party ab. Es gab ausnahmsweise mal s\u00fc\u00dfe Getr\u00e4nke, Chips, Bonbons und Popcorn \u2013 sowas muss an Fasching mal erlaubt sein! <\/p>\n\n\n\n<p>Diese gelungene Faschingsfeier wird uns noch lange in Erinnerung bleiben. Ein herzliches Dankesch\u00f6n an alle, die dieses Fest organisiert haben \u2013 wir freuen uns auf eine weitere Ausgabe im n\u00e4chsten Jahr.<\/p>\n","protected":false},"excerpt":{"rendered":"<p>Was f\u00fcr eine fantastische Faschingsfeier liegt nun hinter uns! Am 09.02.24 versammelten sich alle Sch\u00fclerinnen und Sch\u00fcler und unser Kollegium in unserer farbenfroh geschm\u00fcckten Aula. \u00dcberall waren kreative Verkleidungen zu erkennen \u2013 die Vielfalt der Kost\u00fcme war schlichtweg beeindruckend. Von fabelhaften Superhelden, \u00fcber kreative Filmfiguren bis hin zu witzigen Tierkost\u00fcmen \u2013 alle haben sich k\u00fcnstlerisch&#8230;<\/p>\n","protected":false},"author":7,"featured_media":12619,"comment_status":"closed","ping_status":"open","sticky":false,"template":"","format":"standard","meta":{"_jetpack_memberships_contains_paid_content":false,"footnotes":""},"categories":[38],"tags":[],"class_list":["post-12618","post","type-post","status-publish","format-standard","has-post-thumbnail","hentry","category-schulleben"],"jetpack_featured_media_url":"https:\/\/mlhkytgxk8k3.i.optimole.com\/w:auto\/h:auto\/q:mauto\/f:best\/https:\/\/www.schuleimerlich.de\/wp-content\/uploads\/2024\/02\/Faschingsbild-scaled.jpg","jetpack_sharing_enabled":true,"_links":{"self":[{"href":"https:\/\/www.schuleimerlich.de\/index.php?rest_route=\/wp\/v2\/posts\/12618","targetHints":{"allow":["GET"]}}],"collection":[{"href":"https:\/\/www.schuleimerlich.de\/index.php?rest_route=\/wp\/v2\/posts"}],"about":[{"href":"https:\/\/www.schuleimerlich.de\/index.php?rest_route=\/wp\/v2\/types\/post"}],"author":[{"embeddable":true,"href":"https:\/\/www.schuleimerlich.de\/index.php?rest_route=\/wp\/v2\/users\/7"}],"replies":[{"embeddable":true,"href":"https:\/\/www.schuleimerlich.de\/index.php?rest_route=%2Fwp%2Fv2%2Fcomments&post=12618"}],"version-history":[{"count":2,"href":"https:\/\/www.schuleimerlich.de\/index.php?rest_route=\/wp\/v2\/posts\/12618\/revisions"}],"predecessor-version":[{"id":12621,"href":"https:\/\/www.schuleimerlich.de\/index.php?rest_route=\/wp\/v2\/posts\/12618\/revisions\/12621"}],"wp:featuredmedia":[{"embeddable":true,"href":"https:\/\/www.schuleimerlich.de\/index.php?rest_route=\/wp\/v2\/media\/12619"}],"wp:attachment":[{"href":"https:\/\/www.schuleimerlich.de\/index.php?rest_route=%2Fwp%2Fv2%2Fmedia&parent=12618"}],"wp:term":[{"taxonomy":"category","embeddable":true,"href":"https:\/\/www.schuleimerlich.de\/index.php?rest_route=%2Fwp%2Fv2%2Fcategories&post=12618"},{"taxonomy":"post_tag","embeddable":true,"href":"https:\/\/www.schuleimerlich.de\/index.php?rest_route=%2Fwp%2Fv2%2Ftags&post=12618"}],"curies":[{"name":"wp","href":"https:\/\/api.w.org\/{rel}","templated":true}]}}