{"id":12683,"date":"2024-03-21T07:43:01","date_gmt":"2024-03-21T06:43:01","guid":{"rendered":"https:\/\/www.schuleimerlich.de\/?p=12683"},"modified":"2024-03-21T07:43:02","modified_gmt":"2024-03-21T06:43:02","slug":"aktion-kickfairpause","status":"publish","type":"post","link":"https:\/\/www.schuleimerlich.de\/?p=12683","title":{"rendered":"Aktion Kickfairpause"},"content":{"rendered":"<p>Im Juli findet ein gro\u00dfes Stra\u00dfenfu\u00dfballfestival in Mainz statt, welches vom Jugend- Orga-<br \/>Team unserer Schule sowie einer Gruppe von Youth Leadern (junge Erwachsene bei<br \/>Kickfair), die bei uns an der Schule gewesen sind- organisiert wird.<br \/>Um uns gut darauf vorzubereiten, und die teilnehmenden Teams aus vielen Schulen aus<br \/>Rheinland- Pfalz gut betreuen zu k\u00f6nnen, hat das Orga-Team beschlossen, Kickfairpausen auf dem Sportplatz anzubieten.<br \/>Nachdem wir alle Klassen informiert hatten, haben sich sechs Klassen hierf\u00fcr angemeldet.<br \/>Der Court wurde aufgebaut und ein Plan erstellt, wann welche Klasse an die Reihe<br \/>kommt.<br \/>Kurz vor der ersten Pause wurde die jeweilige Klasse abgeholt und von zwei Teamern<br \/>zum Court gebraucht.<br \/>Nach einer kurzen Regelbesprechung und einem lauten Kickfair-\u201eChiro\u201c-Begr\u00fc\u00dfungsruf<br \/>begann das kurze, von Teamern betreute Spiel.<br \/>Am Ende folgte eine Besprechung zum Fairplay, bevor die Klasse wieder zur\u00fcckgebracht<br \/>wurde.<br \/>Aufgrund der gro\u00dfen Nachfrage, wurden die Kickfairpausen um eine Woche verl\u00e4ngert.<br \/>Die Teamer haben viele neue Erfahrungen gemacht und wurden immer sicherer im<br \/>Umgang mit den Stra\u00dfenfu\u00dfballern unserer Schule und dem System von Kickfair.<br \/>Wieder einen Schritt weiter auf dem Weg zu einem erfolgreichen Festival im<br \/>Sommer\u2026.wir freuen uns darauf!<\/p>\n<p>Claudia Vogel und das Jugend- Orga-Team<\/p>\n\n\n<figure class=\"wp-block-gallery has-nested-images columns-default is-cropped wp-block-gallery-1 is-layout-flex wp-block-gallery-is-layout-flex\">\n<figure class=\"wp-block-image size-full\"><img decoding=\"async\" width=\"1512\" height=\"2016\" data-id=\"12691\" src=\"https:\/\/mlhkytgxk8k3.i.optimole.com\/w:auto\/h:auto\/q:mauto\/f:best\/https:\/\/www.schuleimerlich.de\/wp-content\/uploads\/2024\/03\/IMG_3849-1-rotated.jpg\" alt=\"\" class=\"wp-image-12691\"\/><\/figure>\n\n\n\n<figure class=\"wp-block-image size-large\"><img decoding=\"async\" width=\"1024\" height=\"1024\" data-id=\"12693\" src=\"https:\/\/mlhkytgxk8k3.i.optimole.com\/w:1024\/h:1024\/q:mauto\/f:best\/https:\/\/www.schuleimerlich.de\/wp-content\/uploads\/2024\/03\/IMG_3857-1.jpg\" alt=\"\" class=\"wp-image-12693\"\/><\/figure>\n\n\n\n<figure class=\"wp-block-image size-large\"><img decoding=\"async\" width=\"1024\" height=\"1024\" data-id=\"12692\" src=\"https:\/\/mlhkytgxk8k3.i.optimole.com\/w:1024\/h:1024\/q:mauto\/f:best\/https:\/\/www.schuleimerlich.de\/wp-content\/uploads\/2024\/03\/IMG_3859-1.jpg\" alt=\"\" class=\"wp-image-12692\"\/><\/figure>\n\n\n\n<figure class=\"wp-block-image size-large\"><img data-opt-src=\"https:\/\/mlhkytgxk8k3.i.optimole.com\/w:1024\/h:1024\/q:mauto\/f:best\/https:\/\/www.schuleimerlich.de\/wp-content\/uploads\/2024\/03\/IMG_3884-1.jpg\"  decoding=\"async\" width=\"1024\" height=\"1024\" data-id=\"12694\" src=\"data:image/svg+xml,%3Csvg%20viewBox%3D%220%200%201024%201024%22%20width%3D%221024%22%20height%3D%221024%22%20xmlns%3D%22http%3A%2F%2Fwww.w3.org%2F2000%2Fsvg%22%3E%3Crect%20width%3D%221024%22%20height%3D%221024%22%20fill%3D%22transparent%22%2F%3E%3C%2Fsvg%3E\" alt=\"\" class=\"wp-image-12694\"\/><\/figure>\n\n\n\n<figure class=\"wp-block-image size-large\"><img data-opt-src=\"https:\/\/mlhkytgxk8k3.i.optimole.com\/w:828\/h:1002\/q:mauto\/f:best\/https:\/\/www.schuleimerlich.de\/wp-content\/uploads\/2024\/03\/IMG_4183-1.jpg\"  decoding=\"async\" width=\"828\" height=\"1002\" data-id=\"12695\" src=\"data:image/svg+xml,%3Csvg%20viewBox%3D%220%200%20828%201002%22%20width%3D%22828%22%20height%3D%221002%22%20xmlns%3D%22http%3A%2F%2Fwww.w3.org%2F2000%2Fsvg%22%3E%3Crect%20width%3D%22828%22%20height%3D%221002%22%20fill%3D%22transparent%22%2F%3E%3C%2Fsvg%3E\" alt=\"\" class=\"wp-image-12695\"\/><\/figure>\n<\/figure>\n","protected":false},"excerpt":{"rendered":"<p>Im Juli findet ein gro\u00dfes Stra\u00dfenfu\u00dfballfestival in Mainz statt, welches vom Jugend- Orga-Team unserer Schule sowie einer Gruppe von Youth Leadern (junge Erwachsene beiKickfair), die bei uns an der Schule gewesen sind- organisiert wird.Um uns gut darauf vorzubereiten, und die teilnehmenden Teams aus vielen Schulen ausRheinland- Pfalz gut betreuen zu k\u00f6nnen, hat das Orga-Team beschlossen,&#8230;<\/p>\n","protected":false},"author":7,"featured_media":12684,"comment_status":"closed","ping_status":"open","sticky":false,"template":"","format":"standard","meta":{"_jetpack_memberships_contains_paid_content":false,"footnotes":""},"categories":[1],"tags":[],"class_list":["post-12683","post","type-post","status-publish","format-standard","has-post-thumbnail","hentry","category-allgemein"],"jetpack_featured_media_url":"https:\/\/mlhkytgxk8k3.i.optimole.com\/w:auto\/h:auto\/q:mauto\/f:best\/https:\/\/www.schuleimerlich.de\/wp-content\/uploads\/2024\/03\/IMG_3848.jpg","jetpack_sharing_enabled":true,"_links":{"self":[{"href":"https:\/\/www.schuleimerlich.de\/index.php?rest_route=\/wp\/v2\/posts\/12683","targetHints":{"allow":["GET"]}}],"collection":[{"href":"https:\/\/www.schuleimerlich.de\/index.php?rest_route=\/wp\/v2\/posts"}],"about":[{"href":"https:\/\/www.schuleimerlich.de\/index.php?rest_route=\/wp\/v2\/types\/post"}],"author":[{"embeddable":true,"href":"https:\/\/www.schuleimerlich.de\/index.php?rest_route=\/wp\/v2\/users\/7"}],"replies":[{"embeddable":true,"href":"https:\/\/www.schuleimerlich.de\/index.php?rest_route=%2Fwp%2Fv2%2Fcomments&post=12683"}],"version-history":[{"count":2,"href":"https:\/\/www.schuleimerlich.de\/index.php?rest_route=\/wp\/v2\/posts\/12683\/revisions"}],"predecessor-version":[{"id":12696,"href":"https:\/\/www.schuleimerlich.de\/index.php?rest_route=\/wp\/v2\/posts\/12683\/revisions\/12696"}],"wp:featuredmedia":[{"embeddable":true,"href":"https:\/\/www.schuleimerlich.de\/index.php?rest_route=\/wp\/v2\/media\/12684"}],"wp:attachment":[{"href":"https:\/\/www.schuleimerlich.de\/index.php?rest_route=%2Fwp%2Fv2%2Fmedia&parent=12683"}],"wp:term":[{"taxonomy":"category","embeddable":true,"href":"https:\/\/www.schuleimerlich.de\/index.php?rest_route=%2Fwp%2Fv2%2Fcategories&post=12683"},{"taxonomy":"post_tag","embeddable":true,"href":"https:\/\/www.schuleimerlich.de\/index.php?rest_route=%2Fwp%2Fv2%2Ftags&post=12683"}],"curies":[{"name":"wp","href":"https:\/\/api.w.org\/{rel}","templated":true}]}}