{"id":12842,"date":"2024-06-19T15:42:33","date_gmt":"2024-06-19T13:42:33","guid":{"rendered":"https:\/\/www.schuleimerlich.de\/?p=12842"},"modified":"2024-06-19T15:42:34","modified_gmt":"2024-06-19T13:42:34","slug":"leichtathletikmeisterschaft-in-germersheim","status":"publish","type":"post","link":"https:\/\/www.schuleimerlich.de\/?p=12842","title":{"rendered":"Leichtathletikmeisterschaft in Germersheim"},"content":{"rendered":"\n<p>Mit 12 Sch\u00fclerinnen und Sch\u00fclern sind wir zur diesj\u00e4hrigen Leichtathletikmeisterschaft der gro\u00dfen F\u00f6rderschulen nach Germersheim gefahren.&nbsp;<\/p>\n\n\n\n<p>Im Vergleich mit neun anderen&nbsp;Schulen haben unsere M\u00e4dchen in der Gesamtwertung und in der Staffel den tollen 5. Platz belegt. Unsere beiden Jungenmannschaften belegten je den 4. Platz und den 2. Platz sowie durch einen Superlauf auch den 2. Platz in der 4x100m-Staffel.<\/p>\n\n\n\n<p>Herzlichen Gl\u00fcckwunsch an Elina, Emily, Maja, Martina, Finn, Leo, Paul, Kerim, Alessandro, Egehan, Lukas und Ronaldo!!<\/p>\n\n\n\n<figure class=\"wp-block-image size-full\"><img decoding=\"async\" width=\"2560\" height=\"2560\" src=\"https:\/\/mlhkytgxk8k3.i.optimole.com\/w:auto\/h:auto\/q:mauto\/f:best\/https:\/\/www.schuleimerlich.de\/wp-content\/uploads\/2024\/06\/IMG_2908-scaled.jpg\" alt=\"\" class=\"wp-image-12845\"\/><\/figure>\n","protected":false},"excerpt":{"rendered":"<p>Mit 12 Sch\u00fclerinnen und Sch\u00fclern sind wir zur diesj\u00e4hrigen Leichtathletikmeisterschaft der gro\u00dfen F\u00f6rderschulen nach Germersheim gefahren.&nbsp; Im Vergleich mit neun anderen&nbsp;Schulen haben unsere M\u00e4dchen in der Gesamtwertung und in der Staffel den tollen 5. Platz belegt. Unsere beiden Jungenmannschaften belegten je den 4. Platz und den 2. Platz sowie durch einen Superlauf auch den 2&#8230;.<\/p>\n","protected":false},"author":7,"featured_media":12847,"comment_status":"closed","ping_status":"open","sticky":false,"template":"","format":"standard","meta":{"_jetpack_memberships_contains_paid_content":false,"footnotes":""},"categories":[1],"tags":[],"class_list":["post-12842","post","type-post","status-publish","format-standard","has-post-thumbnail","hentry","category-allgemein"],"jetpack_featured_media_url":"https:\/\/mlhkytgxk8k3.i.optimole.com\/w:auto\/h:auto\/q:mauto\/f:best\/https:\/\/www.schuleimerlich.de\/wp-content\/uploads\/2024\/06\/IMG_5642-1-scaled.jpg","jetpack_sharing_enabled":true,"_links":{"self":[{"href":"https:\/\/www.schuleimerlich.de\/index.php?rest_route=\/wp\/v2\/posts\/12842","targetHints":{"allow":["GET"]}}],"collection":[{"href":"https:\/\/www.schuleimerlich.de\/index.php?rest_route=\/wp\/v2\/posts"}],"about":[{"href":"https:\/\/www.schuleimerlich.de\/index.php?rest_route=\/wp\/v2\/types\/post"}],"author":[{"embeddable":true,"href":"https:\/\/www.schuleimerlich.de\/index.php?rest_route=\/wp\/v2\/users\/7"}],"replies":[{"embeddable":true,"href":"https:\/\/www.schuleimerlich.de\/index.php?rest_route=%2Fwp%2Fv2%2Fcomments&post=12842"}],"version-history":[{"count":2,"href":"https:\/\/www.schuleimerlich.de\/index.php?rest_route=\/wp\/v2\/posts\/12842\/revisions"}],"predecessor-version":[{"id":12846,"href":"https:\/\/www.schuleimerlich.de\/index.php?rest_route=\/wp\/v2\/posts\/12842\/revisions\/12846"}],"wp:featuredmedia":[{"embeddable":true,"href":"https:\/\/www.schuleimerlich.de\/index.php?rest_route=\/wp\/v2\/media\/12847"}],"wp:attachment":[{"href":"https:\/\/www.schuleimerlich.de\/index.php?rest_route=%2Fwp%2Fv2%2Fmedia&parent=12842"}],"wp:term":[{"taxonomy":"category","embeddable":true,"href":"https:\/\/www.schuleimerlich.de\/index.php?rest_route=%2Fwp%2Fv2%2Fcategories&post=12842"},{"taxonomy":"post_tag","embeddable":true,"href":"https:\/\/www.schuleimerlich.de\/index.php?rest_route=%2Fwp%2Fv2%2Ftags&post=12842"}],"curies":[{"name":"wp","href":"https:\/\/api.w.org\/{rel}","templated":true}]}}