{"id":12958,"date":"2024-08-27T10:25:56","date_gmt":"2024-08-27T08:25:56","guid":{"rendered":"https:\/\/www.schuleimerlich.de\/?p=12958"},"modified":"2024-10-02T14:49:22","modified_gmt":"2024-10-02T12:49:22","slug":"einschulungsfeier-24-25","status":"publish","type":"post","link":"https:\/\/www.schuleimerlich.de\/?p=12958","title":{"rendered":"Einschulungsfeier 24\/25"},"content":{"rendered":"<p>Herzlich willkommen!<\/p>\n<p>Nach den einleitenden Worten des Schulleiters Herr Schall, musikalischen Liedbeitr\u00e4gen und einem Theaterst\u00fcck der\u00a0 Klasse 4\/5, war der gro\u00dfe Moment f\u00fcr alle neuen Sch\u00fclerinnen und Sch\u00fclern gekommen. Jede\/r wurde in seiner\/ihrer neuen Klassengemeinschaft begr\u00fc\u00dft und durch die Platzierung am Willkommensbaum herzlich an der Schule im Erlich aufgenommen.<\/p>\n<p>Wir freuen uns, dass Ihr da seid \ud83d\ude42<\/p>\n\n\n<figure class=\"wp-block-gallery has-nested-images columns-default is-cropped wp-block-gallery-1 is-layout-flex wp-block-gallery-is-layout-flex\">\n<figure class=\"wp-block-image size-full\"><img decoding=\"async\" width=\"2560\" height=\"2560\" data-id=\"12962\" src=\"https:\/\/mlhkytgxk8k3.i.optimole.com\/w:auto\/h:auto\/q:mauto\/f:best\/https:\/\/www.schuleimerlich.de\/wp-content\/uploads\/2024\/08\/IMG_3313-scaled.jpg\" alt=\"\" class=\"wp-image-12962\"\/><\/figure>\n\n\n\n<figure class=\"wp-block-image size-large\"><img decoding=\"async\" width=\"1024\" height=\"1024\" data-id=\"12966\" src=\"https:\/\/mlhkytgxk8k3.i.optimole.com\/w:1024\/h:1024\/q:mauto\/f:best\/https:\/\/www.schuleimerlich.de\/wp-content\/uploads\/2024\/08\/IMG_3317.jpg\" alt=\"\" class=\"wp-image-12966\"\/><\/figure>\n\n\n\n<figure class=\"wp-block-image size-large\"><img decoding=\"async\" width=\"1024\" height=\"1024\" data-id=\"12964\" src=\"https:\/\/mlhkytgxk8k3.i.optimole.com\/w:1024\/h:1024\/q:mauto\/f:best\/https:\/\/www.schuleimerlich.de\/wp-content\/uploads\/2024\/08\/IMG_3318.jpg\" alt=\"\" class=\"wp-image-12964\"\/><\/figure>\n\n\n\n<figure class=\"wp-block-image size-large\"><img data-opt-src=\"https:\/\/mlhkytgxk8k3.i.optimole.com\/w:1024\/h:1024\/q:mauto\/f:best\/https:\/\/www.schuleimerlich.de\/wp-content\/uploads\/2024\/08\/IMG_3319.jpg\"  decoding=\"async\" width=\"1024\" height=\"1024\" data-id=\"12963\" src=\"data:image/svg+xml,%3Csvg%20viewBox%3D%220%200%201024%201024%22%20width%3D%221024%22%20height%3D%221024%22%20xmlns%3D%22http%3A%2F%2Fwww.w3.org%2F2000%2Fsvg%22%3E%3Crect%20width%3D%221024%22%20height%3D%221024%22%20fill%3D%22transparent%22%2F%3E%3C%2Fsvg%3E\" alt=\"\" class=\"wp-image-12963\"\/><\/figure>\n\n\n\n<figure class=\"wp-block-image size-large\"><img data-opt-src=\"https:\/\/mlhkytgxk8k3.i.optimole.com\/w:1024\/h:1024\/q:mauto\/f:best\/https:\/\/www.schuleimerlich.de\/wp-content\/uploads\/2024\/08\/IMG_3320.jpg\"  decoding=\"async\" width=\"1024\" height=\"1024\" data-id=\"12965\" src=\"data:image/svg+xml,%3Csvg%20viewBox%3D%220%200%201024%201024%22%20width%3D%221024%22%20height%3D%221024%22%20xmlns%3D%22http%3A%2F%2Fwww.w3.org%2F2000%2Fsvg%22%3E%3Crect%20width%3D%221024%22%20height%3D%221024%22%20fill%3D%22transparent%22%2F%3E%3C%2Fsvg%3E\" alt=\"\" class=\"wp-image-12965\"\/><\/figure>\n<\/figure>\n","protected":false},"excerpt":{"rendered":"<p>Herzlich willkommen! Nach den einleitenden Worten des Schulleiters Herr Schall, musikalischen Liedbeitr\u00e4gen und einem Theaterst\u00fcck der\u00a0 Klasse 4\/5, war der gro\u00dfe Moment f\u00fcr alle neuen Sch\u00fclerinnen und Sch\u00fclern gekommen. Jede\/r wurde in seiner\/ihrer neuen Klassengemeinschaft begr\u00fc\u00dft und durch die Platzierung am Willkommensbaum herzlich an der Schule im Erlich aufgenommen. Wir freuen uns, dass Ihr da&#8230;<\/p>\n","protected":false},"author":7,"featured_media":12960,"comment_status":"closed","ping_status":"open","sticky":false,"template":"","format":"standard","meta":{"_jetpack_memberships_contains_paid_content":false,"footnotes":""},"categories":[1],"tags":[],"class_list":["post-12958","post","type-post","status-publish","format-standard","has-post-thumbnail","hentry","category-allgemein"],"jetpack_featured_media_url":"https:\/\/mlhkytgxk8k3.i.optimole.com\/w:auto\/h:auto\/q:mauto\/f:best\/https:\/\/www.schuleimerlich.de\/wp-content\/uploads\/2024\/08\/IMG_3307-scaled.jpeg","jetpack_sharing_enabled":true,"_links":{"self":[{"href":"https:\/\/www.schuleimerlich.de\/index.php?rest_route=\/wp\/v2\/posts\/12958","targetHints":{"allow":["GET"]}}],"collection":[{"href":"https:\/\/www.schuleimerlich.de\/index.php?rest_route=\/wp\/v2\/posts"}],"about":[{"href":"https:\/\/www.schuleimerlich.de\/index.php?rest_route=\/wp\/v2\/types\/post"}],"author":[{"embeddable":true,"href":"https:\/\/www.schuleimerlich.de\/index.php?rest_route=\/wp\/v2\/users\/7"}],"replies":[{"embeddable":true,"href":"https:\/\/www.schuleimerlich.de\/index.php?rest_route=%2Fwp%2Fv2%2Fcomments&post=12958"}],"version-history":[{"count":7,"href":"https:\/\/www.schuleimerlich.de\/index.php?rest_route=\/wp\/v2\/posts\/12958\/revisions"}],"predecessor-version":[{"id":13051,"href":"https:\/\/www.schuleimerlich.de\/index.php?rest_route=\/wp\/v2\/posts\/12958\/revisions\/13051"}],"wp:featuredmedia":[{"embeddable":true,"href":"https:\/\/www.schuleimerlich.de\/index.php?rest_route=\/wp\/v2\/media\/12960"}],"wp:attachment":[{"href":"https:\/\/www.schuleimerlich.de\/index.php?rest_route=%2Fwp%2Fv2%2Fmedia&parent=12958"}],"wp:term":[{"taxonomy":"category","embeddable":true,"href":"https:\/\/www.schuleimerlich.de\/index.php?rest_route=%2Fwp%2Fv2%2Fcategories&post=12958"},{"taxonomy":"post_tag","embeddable":true,"href":"https:\/\/www.schuleimerlich.de\/index.php?rest_route=%2Fwp%2Fv2%2Ftags&post=12958"}],"curies":[{"name":"wp","href":"https:\/\/api.w.org\/{rel}","templated":true}]}}