{"id":13139,"date":"2024-11-21T08:39:30","date_gmt":"2024-11-21T07:39:30","guid":{"rendered":"https:\/\/www.schuleimerlich.de\/?p=13139"},"modified":"2024-11-21T08:40:20","modified_gmt":"2024-11-21T07:40:20","slug":"basf-kidslab-doener","status":"publish","type":"post","link":"https:\/\/www.schuleimerlich.de\/?p=13139","title":{"rendered":"BASF Kids&#8217;Lab"},"content":{"rendered":"<p>Kids` Lab und D\u00f6ner \ud83d\ude42<br \/>Am Montag, d. 11.11.2024 machten die Klassen 5\/6 (Maurer\/Kunert) und 6\/7<br \/>b (Rau\/Odermatt) eine Exkursion nach Ludwigshafen in die BASF. Dort<br \/>durften die Kinder einen Vormittag im Mitmachlabor \u201eKids`Lab\u201c verbringen.<br \/>Mit Sicherheitsbrillen und Laborkitteln ausgestattet erfuhren sie einiges \u00fcber<br \/>moderne Werkstoffe, darunter Kunststoffe und feste Sch\u00e4ume wie zum<br \/>Beispiel D\u00e4mmstoffe. Nachdem die Sch\u00fcler und Sch\u00fclerinnen selbstst\u00e4ndig<br \/>verschiedene Experimente durchgef\u00fchrt hatten, pr\u00e4sentierten sie diese<br \/>mithilfe einer Fotodokumentation. Nach Applaus und durch das<br \/>Experimentier-Diplom best\u00e4tigt, beendeten die beiden Klassen den Ausflug<br \/>mit einem leckeren Mittagessen beim D\u00f6nerimbiss in der N\u00e4he der Schule.<\/p>\n\n\n<figure class=\"wp-block-gallery has-nested-images columns-default is-cropped wp-block-gallery-1 is-layout-flex wp-block-gallery-is-layout-flex\">\n<figure class=\"wp-block-image size-full\"><img decoding=\"async\" width=\"480\" height=\"640\" data-id=\"13144\" src=\"https:\/\/mlhkytgxk8k3.i.optimole.com\/w:auto\/h:auto\/q:mauto\/f:best\/https:\/\/www.schuleimerlich.de\/wp-content\/uploads\/2024\/11\/IMG_3555-rotated.jpeg\" alt=\"\" class=\"wp-image-13144\"\/><\/figure>\n\n\n\n<figure class=\"wp-block-image size-large\"><img decoding=\"async\" width=\"480\" height=\"640\" data-id=\"13142\" src=\"https:\/\/mlhkytgxk8k3.i.optimole.com\/w:480\/h:640\/q:mauto\/f:best\/https:\/\/www.schuleimerlich.de\/wp-content\/uploads\/2024\/11\/IMG_3552.jpeg\" alt=\"\" class=\"wp-image-13142\"\/><\/figure>\n\n\n\n<figure class=\"wp-block-image size-large\"><img decoding=\"async\" width=\"480\" height=\"640\" data-id=\"13143\" src=\"https:\/\/mlhkytgxk8k3.i.optimole.com\/w:480\/h:640\/q:mauto\/f:best\/https:\/\/www.schuleimerlich.de\/wp-content\/uploads\/2024\/11\/IMG_3553.jpeg\" alt=\"\" class=\"wp-image-13143\"\/><\/figure>\n\n\n\n<figure class=\"wp-block-image size-large\"><img data-opt-src=\"https:\/\/mlhkytgxk8k3.i.optimole.com\/w:480\/h:640\/q:mauto\/f:best\/https:\/\/www.schuleimerlich.de\/wp-content\/uploads\/2024\/11\/IMG_3554.jpeg\"  decoding=\"async\" width=\"480\" height=\"640\" data-id=\"13145\" src=\"data:image/svg+xml,%3Csvg%20viewBox%3D%220%200%20480%20640%22%20width%3D%22480%22%20height%3D%22640%22%20xmlns%3D%22http%3A%2F%2Fwww.w3.org%2F2000%2Fsvg%22%3E%3Crect%20width%3D%22480%22%20height%3D%22640%22%20fill%3D%22transparent%22%2F%3E%3C%2Fsvg%3E\" alt=\"\" class=\"wp-image-13145\"\/><\/figure>\n<\/figure>\n","protected":false},"excerpt":{"rendered":"<p>Kids` Lab und D\u00f6ner \ud83d\ude42Am Montag, d. 11.11.2024 machten die Klassen 5\/6 (Maurer\/Kunert) und 6\/7b (Rau\/Odermatt) eine Exkursion nach Ludwigshafen in die BASF. Dortdurften die Kinder einen Vormittag im Mitmachlabor \u201eKids`Lab\u201c verbringen.Mit Sicherheitsbrillen und Laborkitteln ausgestattet erfuhren sie einiges \u00fcbermoderne Werkstoffe, darunter Kunststoffe und feste Sch\u00e4ume wie zumBeispiel D\u00e4mmstoffe. Nachdem die Sch\u00fcler und Sch\u00fclerinnen selbstst\u00e4ndigverschiedene&#8230;<\/p>\n","protected":false},"author":7,"featured_media":13141,"comment_status":"closed","ping_status":"open","sticky":false,"template":"","format":"standard","meta":{"_jetpack_memberships_contains_paid_content":false,"footnotes":""},"categories":[1],"tags":[],"class_list":["post-13139","post","type-post","status-publish","format-standard","has-post-thumbnail","hentry","category-allgemein"],"jetpack_featured_media_url":"https:\/\/mlhkytgxk8k3.i.optimole.com\/w:auto\/h:auto\/q:mauto\/f:best\/https:\/\/www.schuleimerlich.de\/wp-content\/uploads\/2024\/11\/IMG_3551.jpeg","jetpack_sharing_enabled":true,"_links":{"self":[{"href":"https:\/\/www.schuleimerlich.de\/index.php?rest_route=\/wp\/v2\/posts\/13139","targetHints":{"allow":["GET"]}}],"collection":[{"href":"https:\/\/www.schuleimerlich.de\/index.php?rest_route=\/wp\/v2\/posts"}],"about":[{"href":"https:\/\/www.schuleimerlich.de\/index.php?rest_route=\/wp\/v2\/types\/post"}],"author":[{"embeddable":true,"href":"https:\/\/www.schuleimerlich.de\/index.php?rest_route=\/wp\/v2\/users\/7"}],"replies":[{"embeddable":true,"href":"https:\/\/www.schuleimerlich.de\/index.php?rest_route=%2Fwp%2Fv2%2Fcomments&post=13139"}],"version-history":[{"count":3,"href":"https:\/\/www.schuleimerlich.de\/index.php?rest_route=\/wp\/v2\/posts\/13139\/revisions"}],"predecessor-version":[{"id":13147,"href":"https:\/\/www.schuleimerlich.de\/index.php?rest_route=\/wp\/v2\/posts\/13139\/revisions\/13147"}],"wp:featuredmedia":[{"embeddable":true,"href":"https:\/\/www.schuleimerlich.de\/index.php?rest_route=\/wp\/v2\/media\/13141"}],"wp:attachment":[{"href":"https:\/\/www.schuleimerlich.de\/index.php?rest_route=%2Fwp%2Fv2%2Fmedia&parent=13139"}],"wp:term":[{"taxonomy":"category","embeddable":true,"href":"https:\/\/www.schuleimerlich.de\/index.php?rest_route=%2Fwp%2Fv2%2Fcategories&post=13139"},{"taxonomy":"post_tag","embeddable":true,"href":"https:\/\/www.schuleimerlich.de\/index.php?rest_route=%2Fwp%2Fv2%2Ftags&post=13139"}],"curies":[{"name":"wp","href":"https:\/\/api.w.org\/{rel}","templated":true}]}}