{"id":13150,"date":"2024-11-29T15:37:05","date_gmt":"2024-11-29T14:37:05","guid":{"rendered":"https:\/\/www.schuleimerlich.de\/?p=13150"},"modified":"2024-12-05T07:29:33","modified_gmt":"2024-12-05T06:29:33","slug":"foerderverein-der-schule-im-erlich","status":"publish","type":"post","link":"https:\/\/www.schuleimerlich.de\/?p=13150","title":{"rendered":"F\u00f6rderverein der Schule im Erlich"},"content":{"rendered":"<p>Am 22.11.2024 traf sich der F\u00f6rderverein der Schule im Erlich zur j\u00e4hrlichen Mitgliederversammlung.<\/p>\n<p>Der amtierende Vorstand berichtete \u00fcber vielf\u00e4ltige Projekte im vergangenen Jahr: Unter anderem wurden mit den zur Verf\u00fcgung stehenden Geldern Ausfl\u00fcge zu Musik-, Kunst- und Kulturveranstaltungen unterst\u00fctzt. Auch Veranstaltungen der politische Bildung und Berufsorientierung in der Oberstufe konnten durch den F\u00f6rderverein bezuschusst werden. Der schuleigene Kleinbus sowie zwei Anh\u00e4nger werden f\u00fcr schulische Ausfl\u00fcge rege genutzt. Eine sehr gro\u00dfe finanzielle Unterst\u00fctzung stellte im Jahr 2024 die Aktion des &#8222;<a href=\"https:\/\/www.roundtablespeyer.de\/\">Round Table 63&#8243;<\/a> aus Speyer dar. Der Erl\u00f6s aus der Versteigerung des Brezelfestbildes sowie des Weines wurden an unseren F\u00f6rderverein \u00fcberwiesen. Dank dieser Zuwendung kann ein wichtiger Baustein in unserer Oberstufe, die <a href=\"https:\/\/www.schuleimerlich.de\/?page_id=105\">Malerwerkstatt<\/a>, im n\u00e4chsten Jahr wieder stattfinden.<\/p>\n<p>Die bei der Mitgliederversammlung anwesenden Eltern, Lehrer und die Schulleitung w\u00e4hlten in der Sitzung den amtierenden Vorstand f\u00fcr eine weitere Wahlperiode zum neuen Vorstand.<\/p>\n<p>\u00dcber weitere F\u00f6rdervereinsmitglieder, die all dies mit ihrer Spende m\u00f6glich machen, freut sich alle in der Schule im Erlich! <a href=\"https:\/\/www.schuleimerlich.de\/?page_id=75\">Hier<\/a> gibt es weitere Infos f\u00fcr Ihren Antrag.<\/p>\n\n\n<p><\/p>\n","protected":false},"excerpt":{"rendered":"<p>Am 22.11.2024 traf sich der F\u00f6rderverein der Schule im Erlich zur j\u00e4hrlichen Mitgliederversammlung. Der amtierende Vorstand berichtete \u00fcber vielf\u00e4ltige Projekte im vergangenen Jahr: Unter anderem wurden mit den zur Verf\u00fcgung stehenden Geldern Ausfl\u00fcge zu Musik-, Kunst- und Kulturveranstaltungen unterst\u00fctzt. Auch Veranstaltungen der politische Bildung und Berufsorientierung in der Oberstufe konnten durch den F\u00f6rderverein bezuschusst werden&#8230;.<\/p>\n","protected":false},"author":7,"featured_media":12015,"comment_status":"closed","ping_status":"open","sticky":false,"template":"","format":"standard","meta":{"_jetpack_memberships_contains_paid_content":false,"footnotes":""},"categories":[1],"tags":[],"class_list":["post-13150","post","type-post","status-publish","format-standard","has-post-thumbnail","hentry","category-allgemein"],"jetpack_featured_media_url":"https:\/\/mlhkytgxk8k3.i.optimole.com\/w:auto\/h:auto\/q:mauto\/f:best\/https:\/\/www.schuleimerlich.de\/wp-content\/uploads\/2022\/02\/cropped-IMG_20210827_212917-scaled-2.jpg","jetpack_sharing_enabled":true,"_links":{"self":[{"href":"https:\/\/www.schuleimerlich.de\/index.php?rest_route=\/wp\/v2\/posts\/13150","targetHints":{"allow":["GET"]}}],"collection":[{"href":"https:\/\/www.schuleimerlich.de\/index.php?rest_route=\/wp\/v2\/posts"}],"about":[{"href":"https:\/\/www.schuleimerlich.de\/index.php?rest_route=\/wp\/v2\/types\/post"}],"author":[{"embeddable":true,"href":"https:\/\/www.schuleimerlich.de\/index.php?rest_route=\/wp\/v2\/users\/7"}],"replies":[{"embeddable":true,"href":"https:\/\/www.schuleimerlich.de\/index.php?rest_route=%2Fwp%2Fv2%2Fcomments&post=13150"}],"version-history":[{"count":5,"href":"https:\/\/www.schuleimerlich.de\/index.php?rest_route=\/wp\/v2\/posts\/13150\/revisions"}],"predecessor-version":[{"id":13178,"href":"https:\/\/www.schuleimerlich.de\/index.php?rest_route=\/wp\/v2\/posts\/13150\/revisions\/13178"}],"wp:featuredmedia":[{"embeddable":true,"href":"https:\/\/www.schuleimerlich.de\/index.php?rest_route=\/wp\/v2\/media\/12015"}],"wp:attachment":[{"href":"https:\/\/www.schuleimerlich.de\/index.php?rest_route=%2Fwp%2Fv2%2Fmedia&parent=13150"}],"wp:term":[{"taxonomy":"category","embeddable":true,"href":"https:\/\/www.schuleimerlich.de\/index.php?rest_route=%2Fwp%2Fv2%2Fcategories&post=13150"},{"taxonomy":"post_tag","embeddable":true,"href":"https:\/\/www.schuleimerlich.de\/index.php?rest_route=%2Fwp%2Fv2%2Ftags&post=13150"}],"curies":[{"name":"wp","href":"https:\/\/api.w.org\/{rel}","templated":true}]}}