{"id":13168,"date":"2024-12-04T18:39:29","date_gmt":"2024-12-04T17:39:29","guid":{"rendered":"https:\/\/www.schuleimerlich.de\/?p=13168"},"modified":"2024-12-04T18:39:29","modified_gmt":"2024-12-04T17:39:29","slug":"mittwochs-im-advent","status":"publish","type":"post","link":"https:\/\/www.schuleimerlich.de\/?p=13168","title":{"rendered":"Mittwochs im Advent"},"content":{"rendered":"<p>Mittwochs wird um 8.15Uhr der Flur der Schule im Erlich auf einmal sehr voll. Viele musikinteressierte Sch\u00fclerInnen der Klassen 1-10 versammeln sich bei stimmungsvollem Licht am Adventskranz. Es werden gemeinsam weihnachtliche Lieder gesungen, begleitet von Lehrern am Klavier und der Gitarre. Bei einigen St\u00fccke singen einzelne Chors\u00e4ngerInnen auch mit dem Mikrofon die Strophen, alle anderen setzen dann f\u00fcr den Refrain ein. Es klingt teilweise richtig fr\u00f6hlich, wenn alle zusammen musizieren. Je nach Lied auch sehr stimmungsvoll und friedlich.<\/p>\n<p>Die Schule im Erlich w\u00fcnscht allen eine sch\u00f6ne und friedvolle Adventszeit!<\/p>\n","protected":false},"excerpt":{"rendered":"<p>Mittwochs wird um 8.15Uhr der Flur der Schule im Erlich auf einmal sehr voll. Viele musikinteressierte Sch\u00fclerInnen der Klassen 1-10 versammeln sich bei stimmungsvollem Licht am Adventskranz. Es werden gemeinsam weihnachtliche Lieder gesungen, begleitet von Lehrern am Klavier und der Gitarre. Bei einigen St\u00fccke singen einzelne Chors\u00e4ngerInnen auch mit dem Mikrofon die Strophen, alle anderen&#8230;<\/p>\n","protected":false},"author":7,"featured_media":13170,"comment_status":"closed","ping_status":"open","sticky":false,"template":"","format":"standard","meta":{"_jetpack_memberships_contains_paid_content":false,"footnotes":""},"categories":[1],"tags":[],"class_list":["post-13168","post","type-post","status-publish","format-standard","has-post-thumbnail","hentry","category-allgemein"],"jetpack_featured_media_url":"https:\/\/mlhkytgxk8k3.i.optimole.com\/w:auto\/h:auto\/q:mauto\/f:best\/https:\/\/www.schuleimerlich.de\/wp-content\/uploads\/2024\/12\/68840.jpg","jetpack_sharing_enabled":true,"_links":{"self":[{"href":"https:\/\/www.schuleimerlich.de\/index.php?rest_route=\/wp\/v2\/posts\/13168","targetHints":{"allow":["GET"]}}],"collection":[{"href":"https:\/\/www.schuleimerlich.de\/index.php?rest_route=\/wp\/v2\/posts"}],"about":[{"href":"https:\/\/www.schuleimerlich.de\/index.php?rest_route=\/wp\/v2\/types\/post"}],"author":[{"embeddable":true,"href":"https:\/\/www.schuleimerlich.de\/index.php?rest_route=\/wp\/v2\/users\/7"}],"replies":[{"embeddable":true,"href":"https:\/\/www.schuleimerlich.de\/index.php?rest_route=%2Fwp%2Fv2%2Fcomments&post=13168"}],"version-history":[{"count":1,"href":"https:\/\/www.schuleimerlich.de\/index.php?rest_route=\/wp\/v2\/posts\/13168\/revisions"}],"predecessor-version":[{"id":13171,"href":"https:\/\/www.schuleimerlich.de\/index.php?rest_route=\/wp\/v2\/posts\/13168\/revisions\/13171"}],"wp:featuredmedia":[{"embeddable":true,"href":"https:\/\/www.schuleimerlich.de\/index.php?rest_route=\/wp\/v2\/media\/13170"}],"wp:attachment":[{"href":"https:\/\/www.schuleimerlich.de\/index.php?rest_route=%2Fwp%2Fv2%2Fmedia&parent=13168"}],"wp:term":[{"taxonomy":"category","embeddable":true,"href":"https:\/\/www.schuleimerlich.de\/index.php?rest_route=%2Fwp%2Fv2%2Fcategories&post=13168"},{"taxonomy":"post_tag","embeddable":true,"href":"https:\/\/www.schuleimerlich.de\/index.php?rest_route=%2Fwp%2Fv2%2Ftags&post=13168"}],"curies":[{"name":"wp","href":"https:\/\/api.w.org\/{rel}","templated":true}]}}