{"id":13299,"date":"2024-12-18T18:10:40","date_gmt":"2024-12-18T17:10:40","guid":{"rendered":"https:\/\/www.schuleimerlich.de\/?p=13299"},"modified":"2024-12-18T18:31:45","modified_gmt":"2024-12-18T17:31:45","slug":"fritz-walter-cup-im-erlich","status":"publish","type":"post","link":"https:\/\/www.schuleimerlich.de\/?p=13299","title":{"rendered":"Fritz-Walter-Cup im Erlich"},"content":{"rendered":"<div id='gallery-1' class='gallery galleryid-13299 gallery-columns-3 gallery-size-thumbnail'><figure class='gallery-item'>\n\t\t\t<div class='gallery-icon landscape'>\n\t\t\t\t<a href='https:\/\/www.schuleimerlich.de\/?attachment_id=13306'><img decoding=\"async\" width=\"150\" height=\"150\" src=\"https:\/\/mlhkytgxk8k3.i.optimole.com\/w:150\/h:150\/q:mauto\/rt:fill\/g:ce\/f:best\/https:\/\/www.schuleimerlich.de\/wp-content\/uploads\/2024\/12\/IMG_0433.jpg\" class=\"attachment-thumbnail size-thumbnail\" alt=\"\" aria-describedby=\"gallery-1-13306\" \/><\/a>\n\t\t\t<\/div>\n\t\t\t\t<figcaption class='wp-caption-text gallery-caption' id='gallery-1-13306'>\n\t\t\t\tDas ist die Mannschaft der Schule im Erlich.\n\t\t\t\t<\/figcaption><\/figure><figure class='gallery-item'>\n\t\t\t<div class='gallery-icon portrait'>\n\t\t\t\t<a href='https:\/\/www.schuleimerlich.de\/?attachment_id=13307'><img decoding=\"async\" width=\"150\" height=\"150\" src=\"https:\/\/mlhkytgxk8k3.i.optimole.com\/w:150\/h:150\/q:mauto\/rt:fill\/g:ce\/f:best\/https:\/\/www.schuleimerlich.de\/wp-content\/uploads\/2024\/12\/IMG_0436.jpg\" class=\"attachment-thumbnail size-thumbnail\" alt=\"\" aria-describedby=\"gallery-1-13307\" \/><\/a>\n\t\t\t<\/div>\n\t\t\t\t<figcaption class='wp-caption-text gallery-caption' id='gallery-1-13307'>\n\t\t\t\tFrau Schwarz hatte die Turnierleitung und Herr Lukas war der Coach.\n\t\t\t\t<\/figcaption><\/figure><figure class='gallery-item'>\n\t\t\t<div class='gallery-icon landscape'>\n\t\t\t\t<a href='https:\/\/www.schuleimerlich.de\/?attachment_id=13308'><img decoding=\"async\" width=\"150\" height=\"150\" src=\"https:\/\/mlhkytgxk8k3.i.optimole.com\/w:150\/h:150\/q:mauto\/rt:fill\/g:ce\/f:best\/https:\/\/www.schuleimerlich.de\/wp-content\/uploads\/2024\/12\/IMG_0446.jpg\" class=\"attachment-thumbnail size-thumbnail\" alt=\"\" aria-describedby=\"gallery-1-13308\" \/><\/a>\n\t\t\t<\/div>\n\t\t\t\t<figcaption class='wp-caption-text gallery-caption' id='gallery-1-13308'>\n\t\t\t\tEs sind die Mannschaften der F\u00f6rderschulen aus Ha\u00dfloch, Frankenthal und Germersheim angereist.\n\t\t\t\t<\/figcaption><\/figure><figure class='gallery-item'>\n\t\t\t<div class='gallery-icon portrait'>\n\t\t\t\t<a href='https:\/\/www.schuleimerlich.de\/?attachment_id=13313'><img data-opt-src=\"https:\/\/mlhkytgxk8k3.i.optimole.com\/w:150\/h:150\/q:mauto\/rt:fill\/g:ce\/f:best\/https:\/\/www.schuleimerlich.de\/wp-content\/uploads\/2024\/12\/IMG_0419.jpg\"  decoding=\"async\" width=\"150\" height=\"150\" src=\"data:image/svg+xml,%3Csvg%20viewBox%3D%220%200%20150%20150%22%20width%3D%22150%22%20height%3D%22150%22%20xmlns%3D%22http%3A%2F%2Fwww.w3.org%2F2000%2Fsvg%22%3E%3Crect%20width%3D%22150%22%20height%3D%22150%22%20fill%3D%22transparent%22%2F%3E%3C%2Fsvg%3E\" class=\"attachment-thumbnail size-thumbnail\" alt=\"\" aria-describedby=\"gallery-1-13313\" \/><\/a>\n\t\t\t<\/div>\n\t\t\t\t<figcaption class='wp-caption-text gallery-caption' id='gallery-1-13313'>\n\t\t\t\tDas Turnier wird von der Fritz Walter Stiftung organisiert.\n\t\t\t\t<\/figcaption><\/figure><figure class='gallery-item'>\n\t\t\t<div class='gallery-icon portrait'>\n\t\t\t\t<a href='https:\/\/www.schuleimerlich.de\/?attachment_id=13312'><img data-opt-src=\"https:\/\/mlhkytgxk8k3.i.optimole.com\/w:150\/h:150\/q:mauto\/rt:fill\/g:ce\/f:best\/https:\/\/www.schuleimerlich.de\/wp-content\/uploads\/2024\/12\/IMG_0416.jpg\"  decoding=\"async\" width=\"150\" height=\"150\" src=\"data:image/svg+xml,%3Csvg%20viewBox%3D%220%200%20150%20150%22%20width%3D%22150%22%20height%3D%22150%22%20xmlns%3D%22http%3A%2F%2Fwww.w3.org%2F2000%2Fsvg%22%3E%3Crect%20width%3D%22150%22%20height%3D%22150%22%20fill%3D%22transparent%22%2F%3E%3C%2Fsvg%3E\" class=\"attachment-thumbnail size-thumbnail\" alt=\"\" aria-describedby=\"gallery-1-13312\" \/><\/a>\n\t\t\t<\/div>\n\t\t\t\t<figcaption class='wp-caption-text gallery-caption' id='gallery-1-13312'>\n\t\t\t\tDas Sch\u00fclercaf\u00e9 67a \u00fcbernimmt die Bewirtung.\n\t\t\t\t<\/figcaption><\/figure><figure class='gallery-item'>\n\t\t\t<div class='gallery-icon portrait'>\n\t\t\t\t<a href='https:\/\/www.schuleimerlich.de\/?attachment_id=13311'><img data-opt-src=\"https:\/\/mlhkytgxk8k3.i.optimole.com\/w:150\/h:150\/q:mauto\/rt:fill\/g:ce\/f:best\/https:\/\/www.schuleimerlich.de\/wp-content\/uploads\/2024\/12\/IMG_0412.jpg\"  decoding=\"async\" width=\"150\" height=\"150\" src=\"data:image/svg+xml,%3Csvg%20viewBox%3D%220%200%20150%20150%22%20width%3D%22150%22%20height%3D%22150%22%20xmlns%3D%22http%3A%2F%2Fwww.w3.org%2F2000%2Fsvg%22%3E%3Crect%20width%3D%22150%22%20height%3D%22150%22%20fill%3D%22transparent%22%2F%3E%3C%2Fsvg%3E\" class=\"attachment-thumbnail size-thumbnail\" alt=\"\" aria-describedby=\"gallery-1-13311\" \/><\/a>\n\t\t\t<\/div>\n\t\t\t\t<figcaption class='wp-caption-text gallery-caption' id='gallery-1-13311'>\n\t\t\t\tEs gibt weihnachtliche T\u00fcten mit Mandarinen und Lebkuchen.\n\t\t\t\t<\/figcaption><\/figure><figure class='gallery-item'>\n\t\t\t<div class='gallery-icon portrait'>\n\t\t\t\t<a href='https:\/\/www.schuleimerlich.de\/?attachment_id=13314'><img data-opt-src=\"https:\/\/mlhkytgxk8k3.i.optimole.com\/w:150\/h:150\/q:mauto\/rt:fill\/g:ce\/f:best\/https:\/\/www.schuleimerlich.de\/wp-content\/uploads\/2024\/12\/IMG_0420.jpg\"  decoding=\"async\" width=\"150\" height=\"150\" src=\"data:image/svg+xml,%3Csvg%20viewBox%3D%220%200%20150%20150%22%20width%3D%22150%22%20height%3D%22150%22%20xmlns%3D%22http%3A%2F%2Fwww.w3.org%2F2000%2Fsvg%22%3E%3Crect%20width%3D%22150%22%20height%3D%22150%22%20fill%3D%22transparent%22%2F%3E%3C%2Fsvg%3E\" class=\"attachment-thumbnail size-thumbnail\" alt=\"\" aria-describedby=\"gallery-1-13314\" \/><\/a>\n\t\t\t<\/div>\n\t\t\t\t<figcaption class='wp-caption-text gallery-caption' id='gallery-1-13314'>\n\t\t\t\tDie Turnierb\u00e4lle\n\t\t\t\t<\/figcaption><\/figure><figure class='gallery-item'>\n\t\t\t<div class='gallery-icon portrait'>\n\t\t\t\t<a href='https:\/\/www.schuleimerlich.de\/?attachment_id=13303'><img data-opt-src=\"https:\/\/mlhkytgxk8k3.i.optimole.com\/w:150\/h:150\/q:mauto\/rt:fill\/g:ce\/f:best\/https:\/\/www.schuleimerlich.de\/wp-content\/uploads\/2024\/12\/IMG_0469.jpg\"  decoding=\"async\" width=\"150\" height=\"150\" src=\"data:image/svg+xml,%3Csvg%20viewBox%3D%220%200%20150%20150%22%20width%3D%22150%22%20height%3D%22150%22%20xmlns%3D%22http%3A%2F%2Fwww.w3.org%2F2000%2Fsvg%22%3E%3Crect%20width%3D%22150%22%20height%3D%22150%22%20fill%3D%22transparent%22%2F%3E%3C%2Fsvg%3E\" class=\"attachment-thumbnail size-thumbnail\" alt=\"\" aria-describedby=\"gallery-1-13303\" \/><\/a>\n\t\t\t<\/div>\n\t\t\t\t<figcaption class='wp-caption-text gallery-caption' id='gallery-1-13303'>\n\t\t\t\tNach dem Turnier spielen die Lehrer gegen die Sch\u00fclermannschaft.\n\t\t\t\t<\/figcaption><\/figure><figure class='gallery-item'>\n\t\t\t<div class='gallery-icon portrait'>\n\t\t\t\t<a href='https:\/\/www.schuleimerlich.de\/?attachment_id=13310'><img data-opt-src=\"https:\/\/mlhkytgxk8k3.i.optimole.com\/w:150\/h:150\/q:mauto\/rt:fill\/g:ce\/f:best\/https:\/\/www.schuleimerlich.de\/wp-content\/uploads\/2024\/12\/IMG_0463.jpg\"  decoding=\"async\" width=\"150\" height=\"150\" src=\"data:image/svg+xml,%3Csvg%20viewBox%3D%220%200%20150%20150%22%20width%3D%22150%22%20height%3D%22150%22%20xmlns%3D%22http%3A%2F%2Fwww.w3.org%2F2000%2Fsvg%22%3E%3Crect%20width%3D%22150%22%20height%3D%22150%22%20fill%3D%22transparent%22%2F%3E%3C%2Fsvg%3E\" class=\"attachment-thumbnail size-thumbnail\" alt=\"\" aria-describedby=\"gallery-1-13310\" \/><\/a>\n\t\t\t<\/div>\n\t\t\t\t<figcaption class='wp-caption-text gallery-caption' id='gallery-1-13310'>\n\t\t\t\tEs wird flei\u00dfig eingewechselt.\n\t\t\t\t<\/figcaption><\/figure><figure class='gallery-item'>\n\t\t\t<div class='gallery-icon landscape'>\n\t\t\t\t<a href='https:\/\/www.schuleimerlich.de\/?attachment_id=13305'><img data-opt-src=\"https:\/\/mlhkytgxk8k3.i.optimole.com\/w:150\/h:150\/q:mauto\/rt:fill\/g:ce\/f:best\/https:\/\/www.schuleimerlich.de\/wp-content\/uploads\/2024\/12\/IMG_0478.jpg\"  decoding=\"async\" width=\"150\" height=\"150\" src=\"data:image/svg+xml,%3Csvg%20viewBox%3D%220%200%20150%20150%22%20width%3D%22150%22%20height%3D%22150%22%20xmlns%3D%22http%3A%2F%2Fwww.w3.org%2F2000%2Fsvg%22%3E%3Crect%20width%3D%22150%22%20height%3D%22150%22%20fill%3D%22transparent%22%2F%3E%3C%2Fsvg%3E\" class=\"attachment-thumbnail size-thumbnail\" alt=\"\" aria-describedby=\"gallery-1-13305\" \/><\/a>\n\t\t\t<\/div>\n\t\t\t\t<figcaption class='wp-caption-text gallery-caption' id='gallery-1-13305'>\n\t\t\t\tDie Lehrer f\u00fchren&#8230;\n\t\t\t\t<\/figcaption><\/figure><figure class='gallery-item'>\n\t\t\t<div class='gallery-icon landscape'>\n\t\t\t\t<a href='https:\/\/www.schuleimerlich.de\/?attachment_id=13304'><img data-opt-src=\"https:\/\/mlhkytgxk8k3.i.optimole.com\/w:150\/h:150\/q:mauto\/rt:fill\/g:ce\/f:best\/https:\/\/www.schuleimerlich.de\/wp-content\/uploads\/2024\/12\/IMG_0476.jpg\"  decoding=\"async\" width=\"150\" height=\"150\" src=\"data:image/svg+xml,%3Csvg%20viewBox%3D%220%200%20150%20150%22%20width%3D%22150%22%20height%3D%22150%22%20xmlns%3D%22http%3A%2F%2Fwww.w3.org%2F2000%2Fsvg%22%3E%3Crect%20width%3D%22150%22%20height%3D%22150%22%20fill%3D%22transparent%22%2F%3E%3C%2Fsvg%3E\" class=\"attachment-thumbnail size-thumbnail\" alt=\"\" aria-describedby=\"gallery-1-13304\" \/><\/a>\n\t\t\t<\/div>\n\t\t\t\t<figcaption class='wp-caption-text gallery-caption' id='gallery-1-13304'>\n\t\t\t\t&#8230;und gewinnen dank der Tore von Herrn Kraml und Herrn Schall knapp das Spiel!\n\t\t\t\t<\/figcaption><\/figure>\n\t\t<\/div>\n\n","protected":false},"excerpt":{"rendered":"","protected":false},"author":7,"featured_media":13309,"comment_status":"closed","ping_status":"open","sticky":false,"template":"","format":"standard","meta":{"_jetpack_memberships_contains_paid_content":false,"footnotes":""},"categories":[1],"tags":[],"class_list":["post-13299","post","type-post","status-publish","format-standard","has-post-thumbnail","hentry","category-allgemein"],"jetpack_featured_media_url":"https:\/\/mlhkytgxk8k3.i.optimole.com\/w:auto\/h:auto\/q:mauto\/f:best\/https:\/\/www.schuleimerlich.de\/wp-content\/uploads\/2024\/12\/IMG_0461-scaled.jpg","jetpack_sharing_enabled":true,"_links":{"self":[{"href":"https:\/\/www.schuleimerlich.de\/index.php?rest_route=\/wp\/v2\/posts\/13299","targetHints":{"allow":["GET"]}}],"collection":[{"href":"https:\/\/www.schuleimerlich.de\/index.php?rest_route=\/wp\/v2\/posts"}],"about":[{"href":"https:\/\/www.schuleimerlich.de\/index.php?rest_route=\/wp\/v2\/types\/post"}],"author":[{"embeddable":true,"href":"https:\/\/www.schuleimerlich.de\/index.php?rest_route=\/wp\/v2\/users\/7"}],"replies":[{"embeddable":true,"href":"https:\/\/www.schuleimerlich.de\/index.php?rest_route=%2Fwp%2Fv2%2Fcomments&post=13299"}],"version-history":[{"count":2,"href":"https:\/\/www.schuleimerlich.de\/index.php?rest_route=\/wp\/v2\/posts\/13299\/revisions"}],"predecessor-version":[{"id":13319,"href":"https:\/\/www.schuleimerlich.de\/index.php?rest_route=\/wp\/v2\/posts\/13299\/revisions\/13319"}],"wp:featuredmedia":[{"embeddable":true,"href":"https:\/\/www.schuleimerlich.de\/index.php?rest_route=\/wp\/v2\/media\/13309"}],"wp:attachment":[{"href":"https:\/\/www.schuleimerlich.de\/index.php?rest_route=%2Fwp%2Fv2%2Fmedia&parent=13299"}],"wp:term":[{"taxonomy":"category","embeddable":true,"href":"https:\/\/www.schuleimerlich.de\/index.php?rest_route=%2Fwp%2Fv2%2Fcategories&post=13299"},{"taxonomy":"post_tag","embeddable":true,"href":"https:\/\/www.schuleimerlich.de\/index.php?rest_route=%2Fwp%2Fv2%2Ftags&post=13299"}],"curies":[{"name":"wp","href":"https:\/\/api.w.org\/{rel}","templated":true}]}}