{"id":13521,"date":"2025-04-09T17:05:56","date_gmt":"2025-04-09T15:05:56","guid":{"rendered":"https:\/\/www.schuleimerlich.de\/?p=13521"},"modified":"2025-04-09T17:05:57","modified_gmt":"2025-04-09T15:05:57","slug":"fruehstueckshelfer-gesucht","status":"publish","type":"post","link":"https:\/\/www.schuleimerlich.de\/?p=13521","title":{"rendered":"Fr\u00fchst\u00fcckshelfer gesucht!"},"content":{"rendered":"<p>Wir suchen au\u00dferdem<\/p>\n<h1><strong>Fr\u00fchst\u00fcckshelfer<\/strong>,<\/h1>\n<p>die gerne in Kontakt mit Kindern und Jugendlichen kommen!<\/p>\n<p>Unsere Sch\u00fclerschaft profitiert von einem leckeren Fr\u00fchst\u00fcck, das wir jeden Tag frisch zubereitet bekommen. So muss bei uns keiner mit leerem Magen lernen. Hierbei helfen uns flei\u00dfige Senior:innen, die morgens in unserer hauseigenen Schulk\u00fcche werkeln und danach das Fr\u00fchst\u00fcck verteilen und ausgeben.<\/p>\n<p>Bewerben Sie sich ab jetzt jederzeit \u00fcber das Sekretariat!<\/p>\n","protected":false},"excerpt":{"rendered":"<p>Wir suchen au\u00dferdem Fr\u00fchst\u00fcckshelfer, die gerne in Kontakt mit Kindern und Jugendlichen kommen! Unsere Sch\u00fclerschaft profitiert von einem leckeren Fr\u00fchst\u00fcck, das wir jeden Tag frisch zubereitet bekommen. So muss bei uns keiner mit leerem Magen lernen. Hierbei helfen uns flei\u00dfige Senior:innen, die morgens in unserer hauseigenen Schulk\u00fcche werkeln und danach das Fr\u00fchst\u00fcck verteilen und ausgeben&#8230;.<\/p>\n","protected":false},"author":7,"featured_media":13523,"comment_status":"closed","ping_status":"open","sticky":false,"template":"","format":"standard","meta":{"_jetpack_memberships_contains_paid_content":false,"footnotes":""},"categories":[1],"tags":[],"class_list":["post-13521","post","type-post","status-publish","format-standard","has-post-thumbnail","hentry","category-allgemein"],"jetpack_featured_media_url":"https:\/\/mlhkytgxk8k3.i.optimole.com\/w:auto\/h:auto\/q:mauto\/f:best\/https:\/\/www.schuleimerlich.de\/wp-content\/uploads\/2025\/04\/Fruehstueckshelfer.jpg","jetpack_sharing_enabled":true,"_links":{"self":[{"href":"https:\/\/www.schuleimerlich.de\/index.php?rest_route=\/wp\/v2\/posts\/13521","targetHints":{"allow":["GET"]}}],"collection":[{"href":"https:\/\/www.schuleimerlich.de\/index.php?rest_route=\/wp\/v2\/posts"}],"about":[{"href":"https:\/\/www.schuleimerlich.de\/index.php?rest_route=\/wp\/v2\/types\/post"}],"author":[{"embeddable":true,"href":"https:\/\/www.schuleimerlich.de\/index.php?rest_route=\/wp\/v2\/users\/7"}],"replies":[{"embeddable":true,"href":"https:\/\/www.schuleimerlich.de\/index.php?rest_route=%2Fwp%2Fv2%2Fcomments&post=13521"}],"version-history":[{"count":1,"href":"https:\/\/www.schuleimerlich.de\/index.php?rest_route=\/wp\/v2\/posts\/13521\/revisions"}],"predecessor-version":[{"id":13522,"href":"https:\/\/www.schuleimerlich.de\/index.php?rest_route=\/wp\/v2\/posts\/13521\/revisions\/13522"}],"wp:featuredmedia":[{"embeddable":true,"href":"https:\/\/www.schuleimerlich.de\/index.php?rest_route=\/wp\/v2\/media\/13523"}],"wp:attachment":[{"href":"https:\/\/www.schuleimerlich.de\/index.php?rest_route=%2Fwp%2Fv2%2Fmedia&parent=13521"}],"wp:term":[{"taxonomy":"category","embeddable":true,"href":"https:\/\/www.schuleimerlich.de\/index.php?rest_route=%2Fwp%2Fv2%2Fcategories&post=13521"},{"taxonomy":"post_tag","embeddable":true,"href":"https:\/\/www.schuleimerlich.de\/index.php?rest_route=%2Fwp%2Fv2%2Ftags&post=13521"}],"curies":[{"name":"wp","href":"https:\/\/api.w.org\/{rel}","templated":true}]}}