{"id":13694,"date":"2025-06-11T15:02:56","date_gmt":"2025-06-11T13:02:56","guid":{"rendered":"https:\/\/www.schuleimerlich.de\/?p=13694"},"modified":"2025-06-11T15:02:57","modified_gmt":"2025-06-11T13:02:57","slug":"klassenfahrt-zu-tarzan-und-kickfair","status":"publish","type":"post","link":"https:\/\/www.schuleimerlich.de\/?p=13694","title":{"rendered":"Klassenfahrt zu Tarzan und Kickfair"},"content":{"rendered":"<div dir=\"auto\">Drei Tage in der Landeshauptstadt von Baden-W\u00fcrttemberg-<\/div>\n<div dir=\"auto\">voller Vorfreude starteten wir am 4.6. mit dem Zug in Richtung Stuttgart.<\/div>\n<div dir=\"auto\">Die internationale Jugendherberge mit dem tollen Blick auf ganz Stuttgart war einigen aus der Klasse durch unsere Zusammenarbeit mit Kickfair schon bekannt-jedes Jahr findet hier das bundesweite FairPlay-Festival statt.<\/div>\n<div dir=\"auto\">So konnten wir schnell die Zimmer beziehen und uns auf den ersten H\u00f6hepunkt der Klassenfahrt vorbereiten:<\/div>\n<div dir=\"auto\">Am Abend besuchten wir das Musical \u201eTarzan\u201c-alle schick angezogen und toll gestylt\u2026.und nat\u00fcrlich auch ein wenig aufgeregt!<\/div>\n<div dir=\"auto\">Sp\u00e4t in der Nacht kamen wir mit vielen besonderen Eindr\u00fccken zur\u00fcck und nat\u00fcrlich ging jeder gleich zum Schlafen ins Zimmer\u00a0<img decoding=\"async\" class=\"an1\" draggable=\"false\" src=\"https:\/\/fonts.gstatic.com\/s\/e\/notoemoji\/16.0\/1f609\/32.png\" alt=\"\ud83d\ude09\" data-emoji=\"\ud83d\ude09\" aria-label=\"\ud83d\ude09\" \/>.<\/div>\n<div dir=\"auto\">Am n\u00e4chsten Morgen begann der Tag wieder sehr fr\u00fch.<\/div>\n<div dir=\"auto\">Wir hatten einen Termin bei Kickfair in Ostfildern, um dort das Zentrum kennenzulernen und uns gemeinsam fortzubilden:<\/div>\n<div dir=\"auto\">Wir wollten \u00a0uns mit dem Thema Demokratie auseinandersetzen und hatten \u00fcberlegt, wie wir im neuen Schuljahr mit unserer Partnerklasse diese Thema aktiv bearbeiten k\u00f6nnen.<\/div>\n<div dir=\"auto\">Ein sehr aktiver Vormittag endete mit einem gemeinsamen Pizza essen und einer gro\u00dfen \u00dcberraschung:<\/div>\n<div dir=\"auto\">Zum Abschluss bekam jeder einen Hoodie und eine Kappe vom UEFA-Champions-League-Finale geschenkt.<\/div>\n<div dir=\"auto\">Die Freude war riesig und wir \u00fcber die tolle Zeit bei Kickfair sehr dankbar.<\/div>\n<div dir=\"auto\">Wegen des schlechten Wetters musste das aktive Fu\u00dfballspiel auf dem Trendsportfeld ausfallen.<\/div>\n<div dir=\"auto\">Der Tag ging weiter mit R\u00fcckfahrt, Pause, Gruppenaktionen in der Innenstadt und das Anschauen des Fu\u00dfballspiels Deutschland gegen Portugal im hauseigenen Kino der Jugendherberge.<\/div>\n<div dir=\"auto\">\u00a0<\/div>\n<div dir=\"auto\">Schon war der letzte Tag gekommen: Nach dem gemeinsamen Fr\u00fchst\u00fcck und Koffer packen und aufr\u00e4umen ging es in Richtung Innenstadt:<\/div>\n<div dir=\"auto\">Zwei Stunden Freizeit f\u00fcr alle, um dann mit dem Zug wieder zur\u00fcck in Richtung nach Hause zu fahren.<\/div>\n<div dir=\"auto\">Sch\u00f6n war es.<\/div>\n<div dir=\"auto\">\u00a0<\/div>\n<div dir=\"auto\">Klasse 8\/9b mit Herrn Ohliger und Frau Vogel<\/div>\n<div dir=\"auto\">\u00a0<\/div>\n<div dir=\"auto\">\u00a0<\/div>\n\n\n<figure class=\"wp-block-gallery has-nested-images columns-default is-cropped wp-block-gallery-1 is-layout-flex wp-block-gallery-is-layout-flex\">\n<figure class=\"wp-block-image size-full\"><img decoding=\"async\" width=\"2560\" height=\"2560\" data-id=\"13698\" src=\"https:\/\/mlhkytgxk8k3.i.optimole.com\/w:auto\/h:auto\/q:mauto\/f:best\/https:\/\/www.schuleimerlich.de\/wp-content\/uploads\/2025\/06\/unnamed-1-scaled.jpg\" alt=\"\" class=\"wp-image-13698\"\/><\/figure>\n\n\n\n<figure class=\"wp-block-image size-full\"><img decoding=\"async\" width=\"2560\" height=\"2560\" data-id=\"13699\" src=\"https:\/\/mlhkytgxk8k3.i.optimole.com\/w:auto\/h:auto\/q:mauto\/f:best\/https:\/\/www.schuleimerlich.de\/wp-content\/uploads\/2025\/06\/unnamed-2-scaled.jpg\" alt=\"\" class=\"wp-image-13699\"\/><\/figure>\n\n\n\n<figure class=\"wp-block-image size-full\"><img decoding=\"async\" width=\"2560\" height=\"2560\" data-id=\"13700\" src=\"https:\/\/mlhkytgxk8k3.i.optimole.com\/w:auto\/h:auto\/q:mauto\/f:best\/https:\/\/www.schuleimerlich.de\/wp-content\/uploads\/2025\/06\/unnamed-3-scaled.jpg\" alt=\"\" class=\"wp-image-13700\"\/><\/figure>\n\n\n\n<figure class=\"wp-block-image size-full\"><img data-opt-src=\"https:\/\/mlhkytgxk8k3.i.optimole.com\/w:auto\/h:auto\/q:mauto\/f:best\/https:\/\/www.schuleimerlich.de\/wp-content\/uploads\/2025\/06\/unnamed-4-scaled.jpg\"  decoding=\"async\" width=\"2560\" height=\"2560\" data-id=\"13701\" src=\"data:image/svg+xml,%3Csvg%20viewBox%3D%220%200%20100%%20100%%22%20width%3D%22100%%22%20height%3D%22100%%22%20xmlns%3D%22http%3A%2F%2Fwww.w3.org%2F2000%2Fsvg%22%3E%3Crect%20width%3D%22100%%22%20height%3D%22100%%22%20fill%3D%22transparent%22%2F%3E%3C%2Fsvg%3E\" alt=\"\" class=\"wp-image-13701\"\/><\/figure>\n\n\n\n<figure class=\"wp-block-image size-full\"><img data-opt-src=\"https:\/\/mlhkytgxk8k3.i.optimole.com\/w:auto\/h:auto\/q:mauto\/f:best\/https:\/\/www.schuleimerlich.de\/wp-content\/uploads\/2025\/06\/unnamed-5.jpg\"  decoding=\"async\" width=\"1600\" height=\"1200\" data-id=\"13704\" src=\"data:image/svg+xml,%3Csvg%20viewBox%3D%220%200%20100%%20100%%22%20width%3D%22100%%22%20height%3D%22100%%22%20xmlns%3D%22http%3A%2F%2Fwww.w3.org%2F2000%2Fsvg%22%3E%3Crect%20width%3D%22100%%22%20height%3D%22100%%22%20fill%3D%22transparent%22%2F%3E%3C%2Fsvg%3E\" alt=\"\" class=\"wp-image-13704\"\/><\/figure>\n\n\n\n<figure class=\"wp-block-image size-full\"><img data-opt-src=\"https:\/\/mlhkytgxk8k3.i.optimole.com\/w:auto\/h:auto\/q:mauto\/f:best\/https:\/\/www.schuleimerlich.de\/wp-content\/uploads\/2025\/06\/unnamed-6-scaled.jpg\"  decoding=\"async\" width=\"2560\" height=\"2560\" data-id=\"13702\" src=\"data:image/svg+xml,%3Csvg%20viewBox%3D%220%200%20100%%20100%%22%20width%3D%22100%%22%20height%3D%22100%%22%20xmlns%3D%22http%3A%2F%2Fwww.w3.org%2F2000%2Fsvg%22%3E%3Crect%20width%3D%22100%%22%20height%3D%22100%%22%20fill%3D%22transparent%22%2F%3E%3C%2Fsvg%3E\" alt=\"\" class=\"wp-image-13702\"\/><\/figure>\n\n\n\n<figure class=\"wp-block-image size-full\"><img data-opt-src=\"https:\/\/mlhkytgxk8k3.i.optimole.com\/w:auto\/h:auto\/q:mauto\/f:best\/https:\/\/www.schuleimerlich.de\/wp-content\/uploads\/2025\/06\/unnamed-7-scaled.jpg\"  decoding=\"async\" width=\"2560\" height=\"2560\" data-id=\"13703\" src=\"data:image/svg+xml,%3Csvg%20viewBox%3D%220%200%20100%%20100%%22%20width%3D%22100%%22%20height%3D%22100%%22%20xmlns%3D%22http%3A%2F%2Fwww.w3.org%2F2000%2Fsvg%22%3E%3Crect%20width%3D%22100%%22%20height%3D%22100%%22%20fill%3D%22transparent%22%2F%3E%3C%2Fsvg%3E\" alt=\"\" class=\"wp-image-13703\"\/><\/figure>\n\n\n\n<figure class=\"wp-block-image size-full\"><img data-opt-src=\"https:\/\/mlhkytgxk8k3.i.optimole.com\/w:auto\/h:auto\/q:mauto\/f:best\/https:\/\/www.schuleimerlich.de\/wp-content\/uploads\/2025\/06\/unnamed-8-scaled.jpg\"  decoding=\"async\" width=\"2560\" height=\"2560\" data-id=\"13705\" src=\"data:image/svg+xml,%3Csvg%20viewBox%3D%220%200%20100%%20100%%22%20width%3D%22100%%22%20height%3D%22100%%22%20xmlns%3D%22http%3A%2F%2Fwww.w3.org%2F2000%2Fsvg%22%3E%3Crect%20width%3D%22100%%22%20height%3D%22100%%22%20fill%3D%22transparent%22%2F%3E%3C%2Fsvg%3E\" alt=\"\" class=\"wp-image-13705\"\/><\/figure>\n\n\n\n<figure class=\"wp-block-image size-full\"><img data-opt-src=\"https:\/\/mlhkytgxk8k3.i.optimole.com\/w:auto\/h:auto\/q:mauto\/f:best\/https:\/\/www.schuleimerlich.de\/wp-content\/uploads\/2025\/06\/unnamed-9-scaled.jpg\"  decoding=\"async\" width=\"2560\" height=\"2560\" data-id=\"13706\" src=\"data:image/svg+xml,%3Csvg%20viewBox%3D%220%200%20100%%20100%%22%20width%3D%22100%%22%20height%3D%22100%%22%20xmlns%3D%22http%3A%2F%2Fwww.w3.org%2F2000%2Fsvg%22%3E%3Crect%20width%3D%22100%%22%20height%3D%22100%%22%20fill%3D%22transparent%22%2F%3E%3C%2Fsvg%3E\" alt=\"\" class=\"wp-image-13706\"\/><\/figure>\n\n\n\n<figure class=\"wp-block-image size-full\"><img data-opt-src=\"https:\/\/mlhkytgxk8k3.i.optimole.com\/w:auto\/h:auto\/q:mauto\/f:best\/https:\/\/www.schuleimerlich.de\/wp-content\/uploads\/2025\/06\/unnamed-10-scaled.jpg\"  decoding=\"async\" width=\"2560\" height=\"2560\" data-id=\"13707\" src=\"data:image/svg+xml,%3Csvg%20viewBox%3D%220%200%20100%%20100%%22%20width%3D%22100%%22%20height%3D%22100%%22%20xmlns%3D%22http%3A%2F%2Fwww.w3.org%2F2000%2Fsvg%22%3E%3Crect%20width%3D%22100%%22%20height%3D%22100%%22%20fill%3D%22transparent%22%2F%3E%3C%2Fsvg%3E\" alt=\"\" class=\"wp-image-13707\"\/><\/figure>\n<\/figure>\n","protected":false},"excerpt":{"rendered":"<p>Drei Tage in der Landeshauptstadt von Baden-W\u00fcrttemberg- voller Vorfreude starteten wir am 4.6. mit dem Zug in Richtung Stuttgart. Die internationale Jugendherberge mit dem tollen Blick auf ganz Stuttgart war einigen aus der Klasse durch unsere Zusammenarbeit mit Kickfair schon bekannt-jedes Jahr findet hier das bundesweite FairPlay-Festival statt. So konnten wir schnell die Zimmer beziehen&#8230;<\/p>\n","protected":false},"author":7,"featured_media":13696,"comment_status":"closed","ping_status":"open","sticky":false,"template":"","format":"standard","meta":{"_jetpack_memberships_contains_paid_content":false,"footnotes":""},"categories":[1],"tags":[],"class_list":["post-13694","post","type-post","status-publish","format-standard","has-post-thumbnail","hentry","category-allgemein"],"jetpack_featured_media_url":"https:\/\/mlhkytgxk8k3.i.optimole.com\/w:auto\/h:auto\/q:mauto\/f:best\/https:\/\/www.schuleimerlich.de\/wp-content\/uploads\/2025\/06\/unnamed-scaled.jpg","jetpack_sharing_enabled":true,"_links":{"self":[{"href":"https:\/\/www.schuleimerlich.de\/index.php?rest_route=\/wp\/v2\/posts\/13694","targetHints":{"allow":["GET"]}}],"collection":[{"href":"https:\/\/www.schuleimerlich.de\/index.php?rest_route=\/wp\/v2\/posts"}],"about":[{"href":"https:\/\/www.schuleimerlich.de\/index.php?rest_route=\/wp\/v2\/types\/post"}],"author":[{"embeddable":true,"href":"https:\/\/www.schuleimerlich.de\/index.php?rest_route=\/wp\/v2\/users\/7"}],"replies":[{"embeddable":true,"href":"https:\/\/www.schuleimerlich.de\/index.php?rest_route=%2Fwp%2Fv2%2Fcomments&post=13694"}],"version-history":[{"count":2,"href":"https:\/\/www.schuleimerlich.de\/index.php?rest_route=\/wp\/v2\/posts\/13694\/revisions"}],"predecessor-version":[{"id":13708,"href":"https:\/\/www.schuleimerlich.de\/index.php?rest_route=\/wp\/v2\/posts\/13694\/revisions\/13708"}],"wp:featuredmedia":[{"embeddable":true,"href":"https:\/\/www.schuleimerlich.de\/index.php?rest_route=\/wp\/v2\/media\/13696"}],"wp:attachment":[{"href":"https:\/\/www.schuleimerlich.de\/index.php?rest_route=%2Fwp%2Fv2%2Fmedia&parent=13694"}],"wp:term":[{"taxonomy":"category","embeddable":true,"href":"https:\/\/www.schuleimerlich.de\/index.php?rest_route=%2Fwp%2Fv2%2Fcategories&post=13694"},{"taxonomy":"post_tag","embeddable":true,"href":"https:\/\/www.schuleimerlich.de\/index.php?rest_route=%2Fwp%2Fv2%2Ftags&post=13694"}],"curies":[{"name":"wp","href":"https:\/\/api.w.org\/{rel}","templated":true}]}}