{"id":14162,"date":"2025-12-04T08:28:21","date_gmt":"2025-12-04T07:28:21","guid":{"rendered":"https:\/\/www.schuleimerlich.de\/?p=14162"},"modified":"2025-12-04T08:29:43","modified_gmt":"2025-12-04T07:29:43","slug":"besuch-der-aktuellen-zirkusshow-ombre","status":"publish","type":"post","link":"https:\/\/www.schuleimerlich.de\/?p=14162","title":{"rendered":"Besuch der aktuellen Zirkusshow Ombre"},"content":{"rendered":"<p>Am Samstagabend, den 29.11.2025 waren wir mit Artisten aus der Erlichschule und der Pestalozzischule zu Gast in\u00a0 \u201eunserem\u201c Zirkus Bellissima.<br \/>\nDie aktuelle Show hei\u00dft Ombre und sie handelt von Ver\u00e4nderung.<br \/>\nEin ganz herzliches Dankesch\u00f6n an den Vorstand des Kinder-und Jugendzirkus Bellissima f\u00fcr die Einladung zu dieser tollen Show.<br \/>\nWir waren alle sehr begeistert und konnten viele gute Ideen und gl\u00fcckliche Momente mit nach Hause nehmen.<\/p>\n\n\n<figure class=\"wp-block-gallery has-nested-images columns-default is-cropped wp-block-gallery-1 is-layout-flex wp-block-gallery-is-layout-flex\">\n<figure class=\"wp-block-image size-full\"><img decoding=\"async\" width=\"2560\" height=\"2560\" data-id=\"14165\" src=\"https:\/\/mlhkytgxk8k3.i.optimole.com\/w:auto\/h:auto\/q:mauto\/f:best\/https:\/\/www.schuleimerlich.de\/wp-content\/uploads\/2025\/12\/IMG_7633-scaled.jpeg\" alt=\"\" class=\"wp-image-14165\"\/><\/figure>\n\n\n\n<figure class=\"wp-block-image size-full\"><img decoding=\"async\" width=\"1512\" height=\"2016\" data-id=\"14166\" src=\"https:\/\/mlhkytgxk8k3.i.optimole.com\/w:auto\/h:auto\/q:mauto\/f:best\/https:\/\/www.schuleimerlich.de\/wp-content\/uploads\/2025\/12\/IMG_7646-rotated.jpeg\" alt=\"\" class=\"wp-image-14166\"\/><\/figure>\n\n\n\n<figure class=\"wp-block-image size-full\"><img decoding=\"async\" width=\"1170\" height=\"1618\" data-id=\"14167\" src=\"https:\/\/mlhkytgxk8k3.i.optimole.com\/w:auto\/h:auto\/q:mauto\/f:best\/https:\/\/www.schuleimerlich.de\/wp-content\/uploads\/2025\/12\/IMG_7679.jpeg\" alt=\"\" class=\"wp-image-14167\"\/><figcaption class=\"wp-element-caption\">Screenshot<\/figcaption><\/figure>\n<\/figure>\n","protected":false},"excerpt":{"rendered":"<p>Am Samstagabend, den 29.11.2025 waren wir mit Artisten aus der Erlichschule und der Pestalozzischule zu Gast in\u00a0 \u201eunserem\u201c Zirkus Bellissima. Die aktuelle Show hei\u00dft Ombre und sie handelt von Ver\u00e4nderung. Ein ganz herzliches Dankesch\u00f6n an den Vorstand des Kinder-und Jugendzirkus Bellissima f\u00fcr die Einladung zu dieser tollen Show. Wir waren alle sehr begeistert und konnten&#8230;<\/p>\n","protected":false},"author":7,"featured_media":14164,"comment_status":"closed","ping_status":"open","sticky":false,"template":"","format":"standard","meta":{"_jetpack_memberships_contains_paid_content":false,"footnotes":""},"categories":[1],"tags":[],"class_list":["post-14162","post","type-post","status-publish","format-standard","has-post-thumbnail","hentry","category-allgemein"],"jetpack_featured_media_url":"https:\/\/mlhkytgxk8k3.i.optimole.com\/w:auto\/h:auto\/q:mauto\/f:best\/https:\/\/www.schuleimerlich.de\/wp-content\/uploads\/2025\/12\/IMG_7657.jpeg","jetpack_sharing_enabled":true,"_links":{"self":[{"href":"https:\/\/www.schuleimerlich.de\/index.php?rest_route=\/wp\/v2\/posts\/14162","targetHints":{"allow":["GET"]}}],"collection":[{"href":"https:\/\/www.schuleimerlich.de\/index.php?rest_route=\/wp\/v2\/posts"}],"about":[{"href":"https:\/\/www.schuleimerlich.de\/index.php?rest_route=\/wp\/v2\/types\/post"}],"author":[{"embeddable":true,"href":"https:\/\/www.schuleimerlich.de\/index.php?rest_route=\/wp\/v2\/users\/7"}],"replies":[{"embeddable":true,"href":"https:\/\/www.schuleimerlich.de\/index.php?rest_route=%2Fwp%2Fv2%2Fcomments&post=14162"}],"version-history":[{"count":2,"href":"https:\/\/www.schuleimerlich.de\/index.php?rest_route=\/wp\/v2\/posts\/14162\/revisions"}],"predecessor-version":[{"id":14168,"href":"https:\/\/www.schuleimerlich.de\/index.php?rest_route=\/wp\/v2\/posts\/14162\/revisions\/14168"}],"wp:featuredmedia":[{"embeddable":true,"href":"https:\/\/www.schuleimerlich.de\/index.php?rest_route=\/wp\/v2\/media\/14164"}],"wp:attachment":[{"href":"https:\/\/www.schuleimerlich.de\/index.php?rest_route=%2Fwp%2Fv2%2Fmedia&parent=14162"}],"wp:term":[{"taxonomy":"category","embeddable":true,"href":"https:\/\/www.schuleimerlich.de\/index.php?rest_route=%2Fwp%2Fv2%2Fcategories&post=14162"},{"taxonomy":"post_tag","embeddable":true,"href":"https:\/\/www.schuleimerlich.de\/index.php?rest_route=%2Fwp%2Fv2%2Ftags&post=14162"}],"curies":[{"name":"wp","href":"https:\/\/api.w.org\/{rel}","templated":true}]}}