{"id":14435,"date":"2026-03-16T07:41:46","date_gmt":"2026-03-16T06:41:46","guid":{"rendered":"https:\/\/www.schuleimerlich.de\/?p=14435"},"modified":"2026-03-16T17:25:50","modified_gmt":"2026-03-16T16:25:50","slug":"fruehlings-toepferware-auf-dem-markt","status":"publish","type":"post","link":"https:\/\/www.schuleimerlich.de\/?p=14435","title":{"rendered":"Fr\u00fchlings-T\u00f6pferware auf dem Markt!"},"content":{"rendered":"<figure id=\"attachment_14436\" aria-describedby=\"caption-attachment-14436\" style=\"width: 1199px\" class=\"wp-caption alignnone\"><img decoding=\"async\" class=\"size-full wp-image-14436\" src=\"https:\/\/mlhkytgxk8k3.i.optimole.com\/w:auto\/h:auto\/q:mauto\/f:best\/https:\/\/www.schuleimerlich.de\/wp-content\/uploads\/2026\/03\/IMG_0735.jpeg\" alt=\"\" width=\"1199\" height=\"1698\" \/><figcaption id=\"caption-attachment-14436\" class=\"wp-caption-text\"><span style=\"font-size: revert; color: initial;\">Am Freitag, den 20.3.2026 ab 9 Uhr wird die T\u00f6pfermanufaktur &#8222;TON in TON&#8220; der Schule im Erlich ihre handget\u00f6pferten Unikate zum Verkauf anbieten. Mit dem Stand auf dem Wochenmarkt am Berliner Platz in Speyer West pr\u00e4sentieren die Sch\u00fclerInnen und Sch\u00fclern der 9.Klasse ihre Arbeit und verkaufen ihre Kunstst\u00fccke zugunsten des F\u00f6rdervereins. Es gibt viele bunte Ostergeschenke, sch\u00f6ne Kleinigkeiten f\u00fcr den Haushalt und Deko f\u00fcr die Fr\u00fchlingszeit!<\/span><\/figcaption><\/figure>\n","protected":false},"excerpt":{"rendered":"","protected":false},"author":7,"featured_media":14436,"comment_status":"closed","ping_status":"open","sticky":false,"template":"","format":"standard","meta":{"_jetpack_memberships_contains_paid_content":false,"footnotes":""},"categories":[1],"tags":[],"class_list":["post-14435","post","type-post","status-publish","format-standard","has-post-thumbnail","hentry","category-allgemein"],"jetpack_featured_media_url":"https:\/\/mlhkytgxk8k3.i.optimole.com\/w:auto\/h:auto\/q:mauto\/f:best\/https:\/\/www.schuleimerlich.de\/wp-content\/uploads\/2026\/03\/IMG_0735-e1773643407714.jpeg","jetpack_sharing_enabled":true,"_links":{"self":[{"href":"https:\/\/www.schuleimerlich.de\/index.php?rest_route=\/wp\/v2\/posts\/14435","targetHints":{"allow":["GET"]}}],"collection":[{"href":"https:\/\/www.schuleimerlich.de\/index.php?rest_route=\/wp\/v2\/posts"}],"about":[{"href":"https:\/\/www.schuleimerlich.de\/index.php?rest_route=\/wp\/v2\/types\/post"}],"author":[{"embeddable":true,"href":"https:\/\/www.schuleimerlich.de\/index.php?rest_route=\/wp\/v2\/users\/7"}],"replies":[{"embeddable":true,"href":"https:\/\/www.schuleimerlich.de\/index.php?rest_route=%2Fwp%2Fv2%2Fcomments&post=14435"}],"version-history":[{"count":2,"href":"https:\/\/www.schuleimerlich.de\/index.php?rest_route=\/wp\/v2\/posts\/14435\/revisions"}],"predecessor-version":[{"id":14480,"href":"https:\/\/www.schuleimerlich.de\/index.php?rest_route=\/wp\/v2\/posts\/14435\/revisions\/14480"}],"wp:featuredmedia":[{"embeddable":true,"href":"https:\/\/www.schuleimerlich.de\/index.php?rest_route=\/wp\/v2\/media\/14436"}],"wp:attachment":[{"href":"https:\/\/www.schuleimerlich.de\/index.php?rest_route=%2Fwp%2Fv2%2Fmedia&parent=14435"}],"wp:term":[{"taxonomy":"category","embeddable":true,"href":"https:\/\/www.schuleimerlich.de\/index.php?rest_route=%2Fwp%2Fv2%2Fcategories&post=14435"},{"taxonomy":"post_tag","embeddable":true,"href":"https:\/\/www.schuleimerlich.de\/index.php?rest_route=%2Fwp%2Fv2%2Ftags&post=14435"}],"curies":[{"name":"wp","href":"https:\/\/api.w.org\/{rel}","templated":true}]}}