{"id":14440,"date":"2026-03-15T15:32:44","date_gmt":"2026-03-15T14:32:44","guid":{"rendered":"https:\/\/www.schuleimerlich.de\/?p=14440"},"modified":"2026-03-16T15:35:33","modified_gmt":"2026-03-16T14:35:33","slug":"projekt-stolpersteine","status":"publish","type":"post","link":"https:\/\/www.schuleimerlich.de\/?p=14440","title":{"rendered":"Projekt Stolpersteine"},"content":{"rendered":"<p>Besucherinnen und Besucher im Projekt \u201eStolpersteine\u201c<br \/>Am Donnerstag, den 05.03.26, besuchten uns Lehrerinnen und Lehrer aus ganz Rheinland-Pfalz. Sie<br \/>wollten mehr \u00fcber unser Projekt Stolpersteine erfahren. Wir fuhren in die Stadt und teilten uns in kleine<br \/>Gruppen auf. Wir zeigten in der Maximilianstra\u00dfe \u201eunsere\u201c Stolpersteine und erz\u00e4hlten von den<br \/>j\u00fcdischen Familien und deren Schicksal. Danach gingen wir hinter den Kaufhof und erz\u00e4hlten weiter.<br \/>Im Kaufhof war fr\u00fcher eine Synagoge (ein j\u00fcdisches Gotteshaus), die von den Nazis angez\u00fcndet<br \/>wurde. Die Nazis riefen in dieser Nacht auch die Feuerwehr, aber nur, um die H\u00e4user um die Synagoge<br \/>herum zu sch\u00fctzen. Die Synagoge wurde nicht gel\u00f6scht. Die Nazis stellten den Juden eine Rechnung<br \/>\u00fcber den Einsatz der Feuerwehr und die Entsorgung der Tr\u00fcmmer. Das Denkmal mit dem<br \/>abgeknickten Judenstern und die Namen der ermordeten Juden erinnern heute daran.<br \/>Die Lehrerinnen waren so begeistert, dass sie uns f\u00fcr die n\u00e4chste Klassenfahrt nach Speyer als<br \/>\u201eReisef\u00fchrer\u201c buchen wollen. Nach der R\u00fcckfahrt haben wir ein Lob bekommen.<br \/>von Ryan und Mira<\/p>\n<p>\u00a0<\/p>\n\n\n<figure class=\"wp-block-gallery has-nested-images columns-default is-cropped wp-block-gallery-1 is-layout-flex wp-block-gallery-is-layout-flex\">\n<figure class=\"wp-block-image size-large\"><img decoding=\"async\" width=\"612\" height=\"816\" data-id=\"14447\" src=\"https:\/\/mlhkytgxk8k3.i.optimole.com\/w:612\/h:816\/q:mauto\/f:best\/https:\/\/www.schuleimerlich.de\/wp-content\/uploads\/2026\/03\/20260305_103715.jpg\" alt=\"\" class=\"wp-image-14447\"\/><\/figure>\n\n\n\n<figure class=\"wp-block-image size-large\"><img decoding=\"async\" width=\"612\" height=\"816\" data-id=\"14445\" src=\"https:\/\/mlhkytgxk8k3.i.optimole.com\/w:612\/h:816\/q:mauto\/f:best\/https:\/\/www.schuleimerlich.de\/wp-content\/uploads\/2026\/03\/20260305_104105.jpg\" alt=\"\" class=\"wp-image-14445\"\/><\/figure>\n\n\n\n<figure class=\"wp-block-image size-large\"><img decoding=\"async\" width=\"816\" height=\"612\" data-id=\"14444\" src=\"https:\/\/mlhkytgxk8k3.i.optimole.com\/w:816\/h:612\/q:mauto\/f:best\/https:\/\/www.schuleimerlich.de\/wp-content\/uploads\/2026\/03\/20260305_104933-1.jpg\" alt=\"\" class=\"wp-image-14444\"\/><\/figure>\n\n\n\n<figure class=\"wp-block-image size-large\"><img data-opt-src=\"https:\/\/mlhkytgxk8k3.i.optimole.com\/w:612\/h:816\/q:mauto\/f:best\/https:\/\/www.schuleimerlich.de\/wp-content\/uploads\/2026\/03\/20260305_104944-1.jpg\"  decoding=\"async\" width=\"612\" height=\"816\" data-id=\"14446\" src=\"data:image/svg+xml,%3Csvg%20viewBox%3D%220%200%20612%20816%22%20width%3D%22612%22%20height%3D%22816%22%20xmlns%3D%22http%3A%2F%2Fwww.w3.org%2F2000%2Fsvg%22%3E%3Crect%20width%3D%22612%22%20height%3D%22816%22%20fill%3D%22transparent%22%2F%3E%3C%2Fsvg%3E\" alt=\"\" class=\"wp-image-14446\"\/><\/figure>\n\n\n\n<figure class=\"wp-block-image size-large\"><img data-opt-src=\"https:\/\/mlhkytgxk8k3.i.optimole.com\/w:612\/h:816\/q:mauto\/f:best\/https:\/\/www.schuleimerlich.de\/wp-content\/uploads\/2026\/03\/20260305_105536-3.jpg\"  decoding=\"async\" width=\"612\" height=\"816\" data-id=\"14443\" src=\"data:image/svg+xml,%3Csvg%20viewBox%3D%220%200%20612%20816%22%20width%3D%22612%22%20height%3D%22816%22%20xmlns%3D%22http%3A%2F%2Fwww.w3.org%2F2000%2Fsvg%22%3E%3Crect%20width%3D%22612%22%20height%3D%22816%22%20fill%3D%22transparent%22%2F%3E%3C%2Fsvg%3E\" alt=\"\" class=\"wp-image-14443\"\/><\/figure>\n<\/figure>\n","protected":false},"excerpt":{"rendered":"<p>Besucherinnen und Besucher im Projekt \u201eStolpersteine\u201cAm Donnerstag, den 05.03.26, besuchten uns Lehrerinnen und Lehrer aus ganz Rheinland-Pfalz. Siewollten mehr \u00fcber unser Projekt Stolpersteine erfahren. Wir fuhren in die Stadt und teilten uns in kleineGruppen auf. Wir zeigten in der Maximilianstra\u00dfe \u201eunsere\u201c Stolpersteine und erz\u00e4hlten von denj\u00fcdischen Familien und deren Schicksal. Danach gingen wir hinter den&#8230;<\/p>\n","protected":false},"author":7,"featured_media":14442,"comment_status":"closed","ping_status":"open","sticky":false,"template":"","format":"standard","meta":{"_jetpack_memberships_contains_paid_content":false,"footnotes":""},"categories":[1],"tags":[],"class_list":["post-14440","post","type-post","status-publish","format-standard","has-post-thumbnail","hentry","category-allgemein"],"jetpack_featured_media_url":"https:\/\/mlhkytgxk8k3.i.optimole.com\/w:auto\/h:auto\/q:mauto\/f:best\/https:\/\/www.schuleimerlich.de\/wp-content\/uploads\/2026\/03\/20260305_103638.jpg","jetpack_sharing_enabled":true,"_links":{"self":[{"href":"https:\/\/www.schuleimerlich.de\/index.php?rest_route=\/wp\/v2\/posts\/14440","targetHints":{"allow":["GET"]}}],"collection":[{"href":"https:\/\/www.schuleimerlich.de\/index.php?rest_route=\/wp\/v2\/posts"}],"about":[{"href":"https:\/\/www.schuleimerlich.de\/index.php?rest_route=\/wp\/v2\/types\/post"}],"author":[{"embeddable":true,"href":"https:\/\/www.schuleimerlich.de\/index.php?rest_route=\/wp\/v2\/users\/7"}],"replies":[{"embeddable":true,"href":"https:\/\/www.schuleimerlich.de\/index.php?rest_route=%2Fwp%2Fv2%2Fcomments&post=14440"}],"version-history":[{"count":2,"href":"https:\/\/www.schuleimerlich.de\/index.php?rest_route=\/wp\/v2\/posts\/14440\/revisions"}],"predecessor-version":[{"id":14448,"href":"https:\/\/www.schuleimerlich.de\/index.php?rest_route=\/wp\/v2\/posts\/14440\/revisions\/14448"}],"wp:featuredmedia":[{"embeddable":true,"href":"https:\/\/www.schuleimerlich.de\/index.php?rest_route=\/wp\/v2\/media\/14442"}],"wp:attachment":[{"href":"https:\/\/www.schuleimerlich.de\/index.php?rest_route=%2Fwp%2Fv2%2Fmedia&parent=14440"}],"wp:term":[{"taxonomy":"category","embeddable":true,"href":"https:\/\/www.schuleimerlich.de\/index.php?rest_route=%2Fwp%2Fv2%2Fcategories&post=14440"},{"taxonomy":"post_tag","embeddable":true,"href":"https:\/\/www.schuleimerlich.de\/index.php?rest_route=%2Fwp%2Fv2%2Ftags&post=14440"}],"curies":[{"name":"wp","href":"https:\/\/api.w.org\/{rel}","templated":true}]}}