{"id":14471,"date":"2026-03-15T15:51:29","date_gmt":"2026-03-15T14:51:29","guid":{"rendered":"https:\/\/www.schuleimerlich.de\/?p=14471"},"modified":"2026-03-16T15:52:42","modified_gmt":"2026-03-16T14:52:42","slug":"ausbildungszentrum-der-deutschen-bahn","status":"publish","type":"post","link":"https:\/\/www.schuleimerlich.de\/?p=14471","title":{"rendered":"Ausbildungszentrum der Deutschen Bahn"},"content":{"rendered":"<p>Ausflug nach Ludwigshafen ins Ausbildungszentrum der deutschen Bahn<br \/>\nAm 3. M\u00e4rz 2026 sind wir, die Klasse 7\/8 b mit Frau Wolf und Frau Rau, nach Ludwigshafen gefahren, um die<br \/>\nDB Regio Mitte als Ausbildungsbetrieb kennenzulernen. Zu Beginn haben wir uns in der Schule getroffen und<br \/>\nsind gegen 9 Uhr zur Bahnhaltestelle Speyer Nord-West gelaufen. Nach einer knapp halbst\u00fcndigen Fahrt sind<br \/>\nwir am Hauptbahnhof Ludwigshafen angekommen. Kurze Zeit sp\u00e4ter ist Frau Nicole Reinhard gekommen. Sie<br \/>\nist Nachwuchskr\u00e4ftegesamtkoordinatorin und k\u00fcmmert sich um die Auszubildenden. Sie hat uns durch<br \/>\nunterirdische G\u00e4nge gef\u00fchrt, bis wir wieder \u00fcber Tage auf dem eigentlichen Gel\u00e4nde angekommen sind. Dort<br \/>\nhat uns Patrick Wendel empfangen, der die F\u00fchrung gemeinsam mit Frau Reinhard durchgef\u00fchrt hat. Wir<br \/>\nwurden zuerst in einen gro\u00dfen Raum mit Beamer gef\u00fchrt. Dort haben wir Schutzwesten und Helme<br \/>\nangezogen. Anschlie\u00dfend wurden wir \u00fcber die verschiedenen Ausbildungsm\u00f6glichkeiten bei der deutschen<br \/>\nBahn informiert. Au\u00dferdem haben ein Blatt mit einer Berufs-Rallye und Fragen zur DB Regio AG erhalten.<br \/>\nNachdem uns die Verhaltensregeln erkl\u00e4rt worden waren, hat die eigentliche F\u00fchrung, die wegen einer<br \/>\nBaustelle nicht besonders lang war, begonnen. Wir haben die alten und neuen Z\u00fcge betrachtet, Motoren<br \/>\nangeschaut und erfahren, dass Sand zum Bremsen der R\u00e4der verwendet wird. Gleichzeitig haben wir die<br \/>\nRallye ausgef\u00fcllt und gemeinsam das L\u00f6sungswort gefunden. Da die F\u00fchrung schneller als erwartet fertig war,<br \/>\nhaben wir zum Abschluss in Speyer noch ein Eis gegessen. Den meisten von uns hat der Vormittag bei der<br \/>\ndeutschen Bahn viel Spa\u00df gemacht. Die Jugendlichen konnten einiges lernen \u00fcber die Z\u00fcge, Werkst\u00e4tten und<br \/>\nAusbildungsr\u00e4ume vor Ort.<br \/>\n(verfasst von den Sch\u00fclern und Sch\u00fclerinnen der Klasse 7\/8 b und Fr. Rau)<\/p>\n\n\n<figure class=\"wp-block-gallery has-nested-images columns-default is-cropped wp-block-gallery-1 is-layout-flex wp-block-gallery-is-layout-flex\">\n<figure class=\"wp-block-image size-full\"><img decoding=\"async\" width=\"2560\" height=\"2560\" data-id=\"14474\" src=\"https:\/\/mlhkytgxk8k3.i.optimole.com\/w:auto\/h:auto\/q:mauto\/f:best\/https:\/\/www.schuleimerlich.de\/wp-content\/uploads\/2026\/03\/20260303_101728-scaled.jpg\" alt=\"\" class=\"wp-image-14474\"\/><\/figure>\n\n\n\n<figure class=\"wp-block-image size-full\"><img decoding=\"async\" width=\"2560\" height=\"2560\" data-id=\"14475\" src=\"https:\/\/mlhkytgxk8k3.i.optimole.com\/w:auto\/h:auto\/q:mauto\/f:best\/https:\/\/www.schuleimerlich.de\/wp-content\/uploads\/2026\/03\/20260303_121620-scaled.jpg\" alt=\"\" class=\"wp-image-14475\"\/><\/figure>\n<\/figure>\n\n\n\n<p><\/p>\n","protected":false},"excerpt":{"rendered":"<p>Ausflug nach Ludwigshafen ins Ausbildungszentrum der deutschen Bahn Am 3. M\u00e4rz 2026 sind wir, die Klasse 7\/8 b mit Frau Wolf und Frau Rau, nach Ludwigshafen gefahren, um die DB Regio Mitte als Ausbildungsbetrieb kennenzulernen. Zu Beginn haben wir uns in der Schule getroffen und sind gegen 9 Uhr zur Bahnhaltestelle Speyer Nord-West gelaufen. Nach&#8230;<\/p>\n","protected":false},"author":7,"featured_media":14473,"comment_status":"closed","ping_status":"open","sticky":false,"template":"","format":"standard","meta":{"_jetpack_memberships_contains_paid_content":false,"footnotes":""},"categories":[1],"tags":[],"class_list":["post-14471","post","type-post","status-publish","format-standard","has-post-thumbnail","hentry","category-allgemein"],"jetpack_featured_media_url":"https:\/\/mlhkytgxk8k3.i.optimole.com\/w:auto\/h:auto\/q:mauto\/f:best\/https:\/\/www.schuleimerlich.de\/wp-content\/uploads\/2026\/03\/20260303_100359-scaled.jpg","jetpack_sharing_enabled":true,"_links":{"self":[{"href":"https:\/\/www.schuleimerlich.de\/index.php?rest_route=\/wp\/v2\/posts\/14471","targetHints":{"allow":["GET"]}}],"collection":[{"href":"https:\/\/www.schuleimerlich.de\/index.php?rest_route=\/wp\/v2\/posts"}],"about":[{"href":"https:\/\/www.schuleimerlich.de\/index.php?rest_route=\/wp\/v2\/types\/post"}],"author":[{"embeddable":true,"href":"https:\/\/www.schuleimerlich.de\/index.php?rest_route=\/wp\/v2\/users\/7"}],"replies":[{"embeddable":true,"href":"https:\/\/www.schuleimerlich.de\/index.php?rest_route=%2Fwp%2Fv2%2Fcomments&post=14471"}],"version-history":[{"count":2,"href":"https:\/\/www.schuleimerlich.de\/index.php?rest_route=\/wp\/v2\/posts\/14471\/revisions"}],"predecessor-version":[{"id":14476,"href":"https:\/\/www.schuleimerlich.de\/index.php?rest_route=\/wp\/v2\/posts\/14471\/revisions\/14476"}],"wp:featuredmedia":[{"embeddable":true,"href":"https:\/\/www.schuleimerlich.de\/index.php?rest_route=\/wp\/v2\/media\/14473"}],"wp:attachment":[{"href":"https:\/\/www.schuleimerlich.de\/index.php?rest_route=%2Fwp%2Fv2%2Fmedia&parent=14471"}],"wp:term":[{"taxonomy":"category","embeddable":true,"href":"https:\/\/www.schuleimerlich.de\/index.php?rest_route=%2Fwp%2Fv2%2Fcategories&post=14471"},{"taxonomy":"post_tag","embeddable":true,"href":"https:\/\/www.schuleimerlich.de\/index.php?rest_route=%2Fwp%2Fv2%2Ftags&post=14471"}],"curies":[{"name":"wp","href":"https:\/\/api.w.org\/{rel}","templated":true}]}}