{"id":14477,"date":"2026-03-15T15:54:39","date_gmt":"2026-03-15T14:54:39","guid":{"rendered":"https:\/\/www.schuleimerlich.de\/?p=14477"},"modified":"2026-03-16T15:55:36","modified_gmt":"2026-03-16T14:55:36","slug":"dreck-weg-tag-2026-2","status":"publish","type":"post","link":"https:\/\/www.schuleimerlich.de\/?p=14477","title":{"rendered":"Dreck-Weg-Tag 2026"},"content":{"rendered":"<p>Am Freitag den 6.3.2026 sind wir, die Klasse 3\/4\/5a, durch Speyer-West<br \/>\ngelaufen und haben M\u00fcll gesammelt. Wir sind um 9.15 Uhr los gelaufen mit<br \/>\nHandschuhen, M\u00fclls\u00e4cken und Zangen bepackt. Auf dem Weg in den Wald haben<br \/>\nwir sehr viel M\u00fcll gefunden zum Beispiel Zigaretten und Glasflaschen. Durch die<br \/>\nGlasflaschen waren unsere M\u00fclls\u00e4cke so schwer, dass wir sie liegen lasen mussten.<br \/>\nAls wir gerade das Auto holen wollten, um die S\u00e4cke mit zu nehmen, kam die<br \/>\nM\u00fcllabfuhr. Die freundliche M\u00fcllabfuhr hat unsere S\u00e4cke mitgenommen. Das<br \/>\nM\u00fcllsammeln hat Spa\u00df gemacht und wir waren sehr erfolgreich.<\/p>\n<p>Geschrieben von Daria<\/p>\n","protected":false},"excerpt":{"rendered":"<p>Am Freitag den 6.3.2026 sind wir, die Klasse 3\/4\/5a, durch Speyer-West gelaufen und haben M\u00fcll gesammelt. Wir sind um 9.15 Uhr los gelaufen mit Handschuhen, M\u00fclls\u00e4cken und Zangen bepackt. Auf dem Weg in den Wald haben wir sehr viel M\u00fcll gefunden zum Beispiel Zigaretten und Glasflaschen. Durch die Glasflaschen waren unsere M\u00fclls\u00e4cke so schwer, dass&#8230;<\/p>\n","protected":false},"author":7,"featured_media":14479,"comment_status":"closed","ping_status":"open","sticky":false,"template":"","format":"standard","meta":{"_jetpack_memberships_contains_paid_content":false,"footnotes":""},"categories":[1],"tags":[],"class_list":["post-14477","post","type-post","status-publish","format-standard","has-post-thumbnail","hentry","category-allgemein"],"jetpack_featured_media_url":"https:\/\/mlhkytgxk8k3.i.optimole.com\/w:auto\/h:auto\/q:mauto\/f:best\/https:\/\/www.schuleimerlich.de\/wp-content\/uploads\/2026\/03\/20260306_091804-scaled.jpg","jetpack_sharing_enabled":true,"_links":{"self":[{"href":"https:\/\/www.schuleimerlich.de\/index.php?rest_route=\/wp\/v2\/posts\/14477","targetHints":{"allow":["GET"]}}],"collection":[{"href":"https:\/\/www.schuleimerlich.de\/index.php?rest_route=\/wp\/v2\/posts"}],"about":[{"href":"https:\/\/www.schuleimerlich.de\/index.php?rest_route=\/wp\/v2\/types\/post"}],"author":[{"embeddable":true,"href":"https:\/\/www.schuleimerlich.de\/index.php?rest_route=\/wp\/v2\/users\/7"}],"replies":[{"embeddable":true,"href":"https:\/\/www.schuleimerlich.de\/index.php?rest_route=%2Fwp%2Fv2%2Fcomments&post=14477"}],"version-history":[{"count":1,"href":"https:\/\/www.schuleimerlich.de\/index.php?rest_route=\/wp\/v2\/posts\/14477\/revisions"}],"predecessor-version":[{"id":14478,"href":"https:\/\/www.schuleimerlich.de\/index.php?rest_route=\/wp\/v2\/posts\/14477\/revisions\/14478"}],"wp:featuredmedia":[{"embeddable":true,"href":"https:\/\/www.schuleimerlich.de\/index.php?rest_route=\/wp\/v2\/media\/14479"}],"wp:attachment":[{"href":"https:\/\/www.schuleimerlich.de\/index.php?rest_route=%2Fwp%2Fv2%2Fmedia&parent=14477"}],"wp:term":[{"taxonomy":"category","embeddable":true,"href":"https:\/\/www.schuleimerlich.de\/index.php?rest_route=%2Fwp%2Fv2%2Fcategories&post=14477"},{"taxonomy":"post_tag","embeddable":true,"href":"https:\/\/www.schuleimerlich.de\/index.php?rest_route=%2Fwp%2Fv2%2Ftags&post=14477"}],"curies":[{"name":"wp","href":"https:\/\/api.w.org\/{rel}","templated":true}]}}