{"id":14698,"date":"2026-09-02T07:25:59","date_gmt":"2026-09-02T05:25:59","guid":{"rendered":"https:\/\/www.schuleimerlich.de\/?p=14698"},"modified":"2026-09-02T07:26:01","modified_gmt":"2026-09-02T05:26:01","slug":"stolpersteine-in-der-maximilianstrasse","status":"publish","type":"post","link":"https:\/\/www.schuleimerlich.de\/?p=14698","title":{"rendered":"Stolpersteine in der Maximilianstra\u00dfe"},"content":{"rendered":"<p>In unserem eigenen Podcast zum Stolperstein-Projekt haben wir alle Ausfl\u00fcge, Schicksale der j\u00fcdischen Familien und Materialien kurz besprochen. Hier k\u00f6nnt ihr h\u00f6ren, was bisher gemacht wurde, welche Personen wir kennenlernen durften und was das Projekt mit uns gemacht hat.<br \/>\nWir danken Frau Levens f\u00fcr das Schneiden der Tonaufnahmen und w\u00fcnschen euch viel Spa\u00df beim Anh\u00f6ren!<br \/>\nKlasse 8\/9c<\/p>\n<audio class=\"wp-audio-shortcode\" id=\"audio-14698-1\" preload=\"none\" style=\"width: 100%;\" controls=\"controls\"><source type=\"audio\/mpeg\" src=\"https:\/\/www.schuleimerlich.de\/wp-content\/uploads\/2026\/09\/Stolpersteine-Podcast-komplett-1.mp3?_=1\" \/><a href=\"https:\/\/www.schuleimerlich.de\/wp-content\/uploads\/2026\/09\/Stolpersteine-Podcast-komplett-1.mp3\">https:\/\/www.schuleimerlich.de\/wp-content\/uploads\/2026\/09\/Stolpersteine-Podcast-komplett-1.mp3<\/a><\/audio>\n\n\n<p class=\"wp-block-paragraph\"><\/p>\n","protected":false},"excerpt":{"rendered":"<p>In unserem eigenen Podcast zum Stolperstein-Projekt haben wir alle Ausfl\u00fcge, Schicksale der j\u00fcdischen Familien und Materialien kurz besprochen. Hier k\u00f6nnt ihr h\u00f6ren, was bisher gemacht wurde, welche Personen wir kennenlernen durften und was das Projekt mit uns gemacht hat. Wir danken Frau Levens f\u00fcr das Schneiden der Tonaufnahmen und w\u00fcnschen euch viel Spa\u00df beim Anh\u00f6ren!&#8230;<\/p>\n","protected":false},"author":7,"featured_media":14701,"comment_status":"closed","ping_status":"open","sticky":false,"template":"","format":"standard","meta":{"_jetpack_memberships_contains_paid_content":false,"footnotes":""},"categories":[1],"tags":[],"class_list":["post-14698","post","type-post","status-publish","format-standard","has-post-thumbnail","hentry","category-allgemein"],"jetpack_featured_media_url":"https:\/\/mlhkytgxk8k3.i.optimole.com\/w:auto\/h:auto\/q:mauto\/f:best\/https:\/\/www.schuleimerlich.de\/wp-content\/uploads\/2026\/09\/1000100270.jpg","jetpack_sharing_enabled":true,"_links":{"self":[{"href":"https:\/\/www.schuleimerlich.de\/index.php?rest_route=\/wp\/v2\/posts\/14698","targetHints":{"allow":["GET"]}}],"collection":[{"href":"https:\/\/www.schuleimerlich.de\/index.php?rest_route=\/wp\/v2\/posts"}],"about":[{"href":"https:\/\/www.schuleimerlich.de\/index.php?rest_route=\/wp\/v2\/types\/post"}],"author":[{"embeddable":true,"href":"https:\/\/www.schuleimerlich.de\/index.php?rest_route=\/wp\/v2\/users\/7"}],"replies":[{"embeddable":true,"href":"https:\/\/www.schuleimerlich.de\/index.php?rest_route=%2Fwp%2Fv2%2Fcomments&post=14698"}],"version-history":[{"count":2,"href":"https:\/\/www.schuleimerlich.de\/index.php?rest_route=\/wp\/v2\/posts\/14698\/revisions"}],"predecessor-version":[{"id":14702,"href":"https:\/\/www.schuleimerlich.de\/index.php?rest_route=\/wp\/v2\/posts\/14698\/revisions\/14702"}],"wp:featuredmedia":[{"embeddable":true,"href":"https:\/\/www.schuleimerlich.de\/index.php?rest_route=\/wp\/v2\/media\/14701"}],"wp:attachment":[{"href":"https:\/\/www.schuleimerlich.de\/index.php?rest_route=%2Fwp%2Fv2%2Fmedia&parent=14698"}],"wp:term":[{"taxonomy":"category","embeddable":true,"href":"https:\/\/www.schuleimerlich.de\/index.php?rest_route=%2Fwp%2Fv2%2Fcategories&post=14698"},{"taxonomy":"post_tag","embeddable":true,"href":"https:\/\/www.schuleimerlich.de\/index.php?rest_route=%2Fwp%2Fv2%2Ftags&post=14698"}],"curies":[{"name":"wp","href":"https:\/\/api.w.org\/{rel}","templated":true}]}}